{"id":8347,"date":"2021-07-15T12:54:05","date_gmt":"2021-07-15T15:54:05","guid":{"rendered":"http:\/\/esreviral.com\/?p=8347"},"modified":"2021-07-15T12:54:05","modified_gmt":"2021-07-15T15:54:05","slug":"robaban-bicicletas-y-las-revendian-por-internet","status":"publish","type":"post","link":"https:\/\/esreviral.com\/?p=8347","title":{"rendered":"Robaban bicicletas y las vend\u00edan por internet (+VIDEO)"},"content":{"rendered":"\n<p>La Polic\u00eda de la Ciudad detuvo en las \u00faltimas horas a trav\u00e9s de una \u00abCompra Controlada\u00bb a dos ladronas de nacionalidad venezolana que robaban bicicletas en distintos barrios porte\u00f1os y luego las vend\u00edan por internet. Adem\u00e1s, durante un allanamiento en su domicilio se incautaron nueve rodado m\u00e1s.<\/p>\n\n\n\n<p><strong>Todo comenz\u00f3 el 28 de abril de este a\u00f1o cuando un hombre de 46 a\u00f1os de edad, denunci\u00f3<\/strong> que le hab\u00edan sustra\u00eddo la bicicleta en Dean Funes al 1900, para luego encontrar el rodado a la venta en el sitio Marketplace.<\/p>\n\n\n\n<p>Esto deriv\u00f3 en una minuciosa investigaci\u00f3n que termin\u00f3 en una negociaci\u00f3n falsa con la vendedora, acordando un punto de encuentro para realizar una <strong>\u201cCompra Controlada\u201d.&nbsp;<\/strong><\/p>\n\n\n\n<p>En este sentido, personal de la Divisi\u00f3n Sumarios y Brigadas de Prevenci\u00f3n de la Comisar\u00eda Comunal 4 de la&nbsp;Polic\u00eda de la Ciudad&nbsp;s<strong>e encontr\u00f3 con la ladronas, de 22 y 25 a\u00f1os de edad, ambas de nacionalidad venezolana<\/strong>, en el cruce de Caseros y Monteagudo, en Parque Patricios, logrando su detenci\u00f3n.<\/p>\n\n\n\n<div class=\"wp-block-image\"><figure class=\"alignright size-large is-resized\"><img fetchpriority=\"high\" decoding=\"async\" src=\"https:\/\/esreviral.com\/wp-content\/uploads\/2021\/07\/E6VkvDGWEAAVWv1-768x1024.jpeg\" alt=\"\" class=\"wp-image-8349\" width=\"318\" height=\"413\"\/><\/figure><\/div>\n\n\n\n<p>En la causa intervino el Juzgado Nacional en lo Criminal y Correccional N\u00ba4, a cargo del Dr. Yadarola, Secretar\u00eda N\u00ba4, de la Dra. Bresciani, que adem\u00e1s de ordenar la detenci\u00f3n de las involucradas solicit\u00f3 un allanamiento en una vivienda ubicada en Chile al 2000, en Balvanera.&nbsp;<\/p>\n\n\n\n<p>Durante ese procedimiento se encontraron en el domicilio nueve bicicletas, sobre las cuales las imputadas no lograron acreditar titularidad, adem\u00e1s de un tel\u00e9fono celular.<\/p>\n\n\n\n<p class=\"has-text-align-right\"><strong><em>Prensa Polic\u00eda de la Ciudad.- <\/em><\/strong><\/p>\n\n\n\n<figure class=\"wp-block-embed-twitter wp-block-embed is-type-rich is-provider-twitter\"><div class=\"wp-block-embed__wrapper\">\n<blockquote class=\"twitter-tweet\" data-width=\"500\" data-dnt=\"true\"><p lang=\"es\" dir=\"ltr\"><a href=\"https:\/\/twitter.com\/hashtag\/15jul?src=hash&amp;ref_src=twsrc%5Etfw\">#15jul<\/a> Dos venezolanas detenidas en Argentina por robar bicicletas y luego venderlas por redes sociales <a href=\"https:\/\/t.co\/Cgd0uDnxUl\">pic.twitter.com\/Cgd0uDnxUl<\/a><\/p>&mdash; ES RE VIRAL (@esreviral) <a href=\"https:\/\/twitter.com\/esreviral\/status\/1415722137143451653?ref_src=twsrc%5Etfw\">July 15, 2021<\/a><\/blockquote><script async src=\"https:\/\/platform.twitter.com\/widgets.js\" charset=\"utf-8\"><\/script>\n<\/div><\/figure>\n","protected":false},"excerpt":{"rendered":"<p>Las mujeres de nacionalidad venezolana, ahora est\u00e1n tras las rejas<\/p>\n","protected":false},"author":2,"featured_media":8348,"comment_status":"open","ping_status":"open","sticky":false,"template":"","format":"standard","meta":{"jnews-multi-image_gallery":[],"jnews_single_post":[],"jnews_primary_category":[],"jnews_social_meta":[],"jnews_review":[],"enable_review":"","type":"","name":"","summary":"","brand":"","sku":"","good":[],"bad":[],"score_override":"","override_value":"","rating":[],"price":[],"jnews_override_counter":[],"jnews_post_split":[],"footnotes":""},"categories":[64],"tags":[45,67],"class_list":["post-8347","post","type-post","status-publish","format-standard","has-post-thumbnail","hentry","category-sucesos","tag-noticias","tag-venezolanos-en-argentina"],"amp_enabled":true,"_links":{"self":[{"href":"https:\/\/esreviral.com\/index.php?rest_route=\/wp\/v2\/posts\/8347"}],"collection":[{"href":"https:\/\/esreviral.com\/index.php?rest_route=\/wp\/v2\/posts"}],"about":[{"href":"https:\/\/esreviral.com\/index.php?rest_route=\/wp\/v2\/types\/post"}],"author":[{"embeddable":true,"href":"https:\/\/esreviral.com\/index.php?rest_route=\/wp\/v2\/users\/2"}],"replies":[{"embeddable":true,"href":"https:\/\/esreviral.com\/index.php?rest_route=%2Fwp%2Fv2%2Fcomments&post=8347"}],"version-history":[{"count":0,"href":"https:\/\/esreviral.com\/index.php?rest_route=\/wp\/v2\/posts\/8347\/revisions"}],"wp:featuredmedia":[{"embeddable":true,"href":"https:\/\/esreviral.com\/index.php?rest_route=\/"}],"wp:attachment":[{"href":"https:\/\/esreviral.com\/index.php?rest_route=%2Fwp%2Fv2%2Fmedia&parent=8347"}],"wp:term":[{"taxonomy":"category","embeddable":true,"href":"https:\/\/esreviral.com\/index.php?rest_route=%2Fwp%2Fv2%2Fcategories&post=8347"},{"taxonomy":"post_tag","embeddable":true,"href":"https:\/\/esreviral.com\/index.php?rest_route=%2Fwp%2Fv2%2Ftags&post=8347"}],"curies":[{"name":"wp","href":"https:\/\/api.w.org\/{rel}","templated":true}]}}