{"id":83445,"date":"2025-11-11T15:23:39","date_gmt":"2025-11-11T20:23:39","guid":{"rendered":"https:\/\/esreviral.com\/?p=83445"},"modified":"2025-11-11T17:18:39","modified_gmt":"2025-11-11T22:18:39","slug":"venezolana-le-detectaron-metastasis-en-pulmones-y-cerebro-y-requiere-colaboracion","status":"publish","type":"post","link":"https:\/\/esreviral.com\/?p=83445","title":{"rendered":"Venezolana fue diagnosticada con met\u00e1stasis en pulmones y cerebro y requiere colaboraci\u00f3n"},"content":{"rendered":"\n<p>Jubenny Hern\u00e1ndez Valera, de 36 a\u00f1os de edad, fue di\u00e1gnosticada en el a\u00f1o 2020 con c\u00e1ncer de mama, en el momento le realizaron el tratamiento correspondiente y logr\u00f3 vencerlo. <\/p>\n\n\n\n<p>Ahora, cinco a\u00f1os despu\u00e9s, apareci\u00f3 nuevamente la enfermedad y m\u00e1s agresiva. \u00abHace un a\u00f1o y medio, reapareci\u00f3 el c\u00e1ncer con un poco de intensidad, haciendo met\u00e1stasis en pulmones y cerebro. Sin embargo, desde entonces seguimos d\u00e1ndole la pelea. <strong>Actualmente se encuentra realizando nuevamente quimioterapia y radioterapia; sin embargo hay tratamientos los cuales no cubre el seguro m\u00e9dico <\/strong>y que el sistema de salud p\u00fablica tampoco los proporciona\u00bb, explic\u00f3 Jos\u00e9, su esposo. <\/p>\n\n\n\n<p><strong><a href=\"https:\/\/chat.whatsapp.com\/KWkTmakY3I05kNdd2oZl6d\"><em>\u00daNETE A NUESTRO GRUPO DE WHATSAPP PARA ESTAR INFORMADO<\/em><\/a><\/strong><\/p>\n\n\n\n<p>Es por ello, que recurren a quienes puedan colaborarles econ\u00f3micamente para poder cumplir con el tratamiento y vencer nuevamente la enfermedad que les ha quitado la tranquilidad. <strong>Quienes deseen colaborar pueden hacerlo al alias: Jube.mercadopago<\/strong><\/p>\n\n\n\n<p><strong>\u00abDe antemano esta decir que valoramos mucho el apoyo; y las oraciones de aquellos que tambi\u00e9n puedan aportar de esa forma\u00bb, <\/strong>agreg\u00f3 Jos\u00e9. <\/p>\n\n\n\n<p><em><strong><em><strong><em><strong><em><strong><a href=\"https:\/\/t.me\/esreviral\">\u00daNETE A NUESTRO CANAL DE TELEGRAM PARA ESTAR INFORMADO<\/a><\/strong><\/em><\/strong><\/em><\/strong><\/em><\/strong><\/em><\/p>\n\n\n\n<p><\/p>\n","protected":false},"excerpt":{"rendered":"<p>Jubenny Hern\u00e1ndez Valera, de 36 a\u00f1os de edad, fue di\u00e1gnosticada en el a\u00f1o 2020 con c\u00e1ncer de mama, en el momento le realizaron el tratamiento correspondiente y logr\u00f3 vencerlo. Ahora, cinco a\u00f1os despu\u00e9s, apareci\u00f3 nuevamente la enfermedad y m\u00e1s agresiva. \u00abHace un a\u00f1o y medio, reapareci\u00f3 el c\u00e1ncer con un poco de intensidad, haciendo met\u00e1stasis [&hellip;]<\/p>\n","protected":false},"author":2,"featured_media":83449,"comment_status":"closed","ping_status":"closed","sticky":false,"template":"","format":"standard","meta":{"jnews-multi-image_gallery":[],"jnews_single_post":{"format":"standard"},"jnews_primary_category":[],"jnews_social_meta":[],"jnews_review":[],"enable_review":"","type":"","name":"","summary":"","brand":"","sku":"","good":[],"bad":[],"score_override":"","override_value":"","rating":[],"price":[],"jnews_override_counter":[],"jnews_post_split":[],"footnotes":""},"categories":[5892],"tags":[44,11618,45,201,67,56],"class_list":["post-83445","post","type-post","status-publish","format-standard","has-post-thumbnail","hentry","category-venezolanos-en-argentina","tag-argentina","tag-esreviral","tag-noticias","tag-servicio-publico","tag-venezolanos-en-argentina","tag-venezuela"],"amp_enabled":true,"_links":{"self":[{"href":"https:\/\/esreviral.com\/index.php?rest_route=\/wp\/v2\/posts\/83445"}],"collection":[{"href":"https:\/\/esreviral.com\/index.php?rest_route=\/wp\/v2\/posts"}],"about":[{"href":"https:\/\/esreviral.com\/index.php?rest_route=\/wp\/v2\/types\/post"}],"author":[{"embeddable":true,"href":"https:\/\/esreviral.com\/index.php?rest_route=\/wp\/v2\/users\/2"}],"replies":[{"embeddable":true,"href":"https:\/\/esreviral.com\/index.php?rest_route=%2Fwp%2Fv2%2Fcomments&post=83445"}],"version-history":[{"count":4,"href":"https:\/\/esreviral.com\/index.php?rest_route=\/wp\/v2\/posts\/83445\/revisions"}],"predecessor-version":[{"id":83464,"href":"https:\/\/esreviral.com\/index.php?rest_route=\/wp\/v2\/posts\/83445\/revisions\/83464"}],"wp:featuredmedia":[{"embeddable":true,"href":"https:\/\/esreviral.com\/index.php?rest_route=\/wp\/v2\/media\/83449"}],"wp:attachment":[{"href":"https:\/\/esreviral.com\/index.php?rest_route=%2Fwp%2Fv2%2Fmedia&parent=83445"}],"wp:term":[{"taxonomy":"category","embeddable":true,"href":"https:\/\/esreviral.com\/index.php?rest_route=%2Fwp%2Fv2%2Fcategories&post=83445"},{"taxonomy":"post_tag","embeddable":true,"href":"https:\/\/esreviral.com\/index.php?rest_route=%2Fwp%2Fv2%2Ftags&post=83445"}],"curies":[{"name":"wp","href":"https:\/\/api.w.org\/{rel}","templated":true}]}}