{"id":83383,"date":"2025-11-10T15:54:54","date_gmt":"2025-11-10T20:54:54","guid":{"rendered":"https:\/\/esreviral.com\/?p=83383"},"modified":"2025-11-10T15:54:55","modified_gmt":"2025-11-10T20:54:55","slug":"cuba-juzgara-al-exministro-de-economia-y-hombre-de-confianza-de-diaz-canel-por-corrupcion-lavado-y-espionaje","status":"publish","type":"post","link":"https:\/\/esreviral.com\/?p=83383","title":{"rendered":"Cuba juzgar\u00e1 al exministro de Econom\u00eda y hombre de confianza de D\u00edaz-Canel por corrupci\u00f3n, lavado y espionaje"},"content":{"rendered":"\n<p>El <strong>Tribunal Supremo Popular<\/strong> (TSP) de Cuba iniciar\u00e1 este martes el juicio contra el exvice primer ministro y exministro de Econom\u00eda y Planificaci\u00f3n, <strong>Alejandro Gil<\/strong>, acusado de m\u00faltiples delitos de <strong>corrupci\u00f3n y de espionaje.<\/strong><\/p>\n\n\n\n<p>En un comunicado, el TSP inform\u00f3 que la vista oral se realizar\u00e1 <strong>a puerta cerrada<\/strong>, permitiendo el ingreso \u00fanicamente a las partes involucradas y a las personas autorizadas por el tribunal, bajo el argumento de <strong>\u201crazones de Seguridad Nacional\u201d<\/strong>. De esta manera, fueron rechazadas las solicitudes para que el proceso fuera p\u00fablico o televisado.<\/p>\n\n\n\n<p class=\"has-text-align-center\"><strong><a href=\"https:\/\/chat.whatsapp.com\/KWkTmakY3I05kNdd2oZl6d\"><em>\u00daNETE A NUESTRO GRUPO DE WHATSAPP PARA ESTAR INFORMADO<\/em><\/a><\/strong><\/p>\n\n\n<div class=\"wp-block-image\">\n<figure class=\"aligncenter size-large\"><img decoding=\"async\" src=\"https:\/\/www.clarin.com\/img\/2025\/11\/10\/fuKKg7EVU_720x0__1.jpg\" alt=\"\"\/><figcaption class=\"wp-element-caption\">La fachada del Tribunal Supremo Popular (TSP) de Cuba, en La Habana (Cuba).<\/figcaption><\/figure><\/div>\n\n\n<blockquote class=\"wp-block-quote is-layout-flow wp-block-quote-is-layout-flow\">\n<p>\u201c<strong><em>En cumplimiento del debido proceso, los abogados y el acusado han tenido acceso al expediente y a las conclusiones provisionales de la Fiscal\u00eda, y entregaron las conclusiones de la Defensa<\/em><\/strong>\u201d, se\u00f1al\u00f3 el tribunal.<\/p>\n<\/blockquote>\n\n\n\n<p>Gil, quien ocup\u00f3 el Ministerio de Econom\u00eda y Planificaci\u00f3n entre 2018 y 2024, fue destituido en febrero del a\u00f1o pasado. En ese momento, su salida se atribuy\u00f3 a los problemas en la aplicaci\u00f3n de reformas econ\u00f3micas en medio de una profunda crisis.<\/p>\n\n\n\n<p>Sin embargo, un mes despu\u00e9s, el presidente <strong>Miguel D\u00edaz-Canel<\/strong> reconoci\u00f3 en un comunicado que Gil estaba siendo investigado por <strong>\u201cgraves errores\u201d<\/strong> relacionados con delitos de corrupci\u00f3n, y que el exministro hab\u00eda admitido \u201c<strong>graves imputaciones\u201d<\/strong>. Desde entonces, permanec\u00eda bajo prisi\u00f3n provisional.<\/p>\n\n\n\n<p>A finales de octubre de este a\u00f1o, la <strong>Fiscal\u00eda General de la Rep\u00fablica<\/strong> inform\u00f3 que Gil enfrenta cargos por <strong>once delitos<\/strong>, entre ellos <strong>espionaje<\/strong>, una acusaci\u00f3n que sorprendi\u00f3 y cambi\u00f3 el curso del proceso.<\/p>\n\n\n\n<p>Entre los dem\u00e1s cargos figuran <strong>malversaci\u00f3n<\/strong>, <strong>falsificaci\u00f3n de documentos<\/strong>, <strong>evasi\u00f3n fiscal<\/strong>, <strong>tr\u00e1fico de influencias<\/strong>, <strong>lavado de activos<\/strong>, <strong>cohecho<\/strong>, <strong>violaci\u00f3n de normas de seguridad en documentos clasificados<\/strong>, <strong>sustracci\u00f3n y da\u00f1o de objetos bajo custodia oficial<\/strong>, y <strong>actos en perjuicio de la actividad econ\u00f3mica y contractual<\/strong>.<\/p>\n\n\n\n<p>Considerado uno de los funcionarios m\u00e1s cercanos a D\u00edaz-Canel, Gil es el <strong>alto cargo pol\u00edtico de mayor rango en ser procesado<\/strong> en Cuba en al menos quince a\u00f1os. Adem\u00e1s de su papel en el Ejecutivo, integraba el <strong>Comit\u00e9 Central del Partido Comunista de Cuba (PCC)<\/strong>, la m\u00e1xima instancia del \u00fanico partido legal del pa\u00eds.<\/p>\n\n\n\n<p class=\"has-text-align-center\"><em><strong><em><strong><em><strong><em><strong><a href=\"https:\/\/t.me\/esreviral\">\u00daNETE A NUESTRO CANAL DE TELEGRAM PARA ESTAR INFORMADO<\/a><\/strong><\/em><\/strong><\/em><\/strong><\/em><\/strong><\/em><\/p>\n\n\n\n<p>Durante su gesti\u00f3n, lider\u00f3 la implementaci\u00f3n de la <strong>Tarea Ordenamiento<\/strong> en 2021, la ambiciosa y fallida reforma monetaria que buscaba eliminar la doble moneda en la isla. Tambi\u00e9n impuls\u00f3 medidas de ajuste econ\u00f3mico, como el <strong>aumento de hasta 400% en los precios de los combustibles<\/strong>, y promovi\u00f3 la apertura parcial del sector privado mediante la legalizaci\u00f3n de las <strong>micro, peque\u00f1as y medianas empresas (mipymes)<\/strong>, prohibidas desde 1969.<\/p>\n\n\n\n<p class=\"has-text-align-right\"><strong><em>Con Informaci\u00f3n de EFE<\/em>.-<\/strong><\/p>\n","protected":false},"excerpt":{"rendered":"<p>Alejandro Gil fue vice primer ministro, ministro de Econom\u00eda y Planificaci\u00f3n, y muy cercano al presidente D\u00edaz-Canel.<br \/>\nFue echado en febrero del a\u00f1o pasado y encarcelado. Est\u00e1 acusado de once delitos, entre ellos malversaci\u00f3n, falsificaci\u00f3n de documentos y tr\u00e1fico de influencias.<\/p>\n","protected":false},"author":3,"featured_media":83384,"comment_status":"closed","ping_status":"closed","sticky":false,"template":"","format":"standard","meta":{"jnews-multi-image_gallery":[],"jnews_single_post":{"format":"standard"},"jnews_primary_category":[],"jnews_social_meta":[],"jnews_review":[],"enable_review":"","type":"","name":"","summary":"","brand":"","sku":"","good":[],"bad":[],"score_override":"","override_value":"","rating":[],"price":[],"jnews_override_counter":[],"jnews_post_split":[],"footnotes":""},"categories":[88],"tags":[957,62,2041,6409,45,37511],"class_list":["post-83383","post","type-post","status-publish","format-standard","has-post-thumbnail","hentry","category-internacionales","tag-cuba","tag-economia","tag-la-habana","tag-miguel-diaz-canel","tag-noticias","tag-tribunal-supremo-popular"],"amp_enabled":true,"_links":{"self":[{"href":"https:\/\/esreviral.com\/index.php?rest_route=\/wp\/v2\/posts\/83383"}],"collection":[{"href":"https:\/\/esreviral.com\/index.php?rest_route=\/wp\/v2\/posts"}],"about":[{"href":"https:\/\/esreviral.com\/index.php?rest_route=\/wp\/v2\/types\/post"}],"author":[{"embeddable":true,"href":"https:\/\/esreviral.com\/index.php?rest_route=\/wp\/v2\/users\/3"}],"replies":[{"embeddable":true,"href":"https:\/\/esreviral.com\/index.php?rest_route=%2Fwp%2Fv2%2Fcomments&post=83383"}],"version-history":[{"count":1,"href":"https:\/\/esreviral.com\/index.php?rest_route=\/wp\/v2\/posts\/83383\/revisions"}],"predecessor-version":[{"id":83385,"href":"https:\/\/esreviral.com\/index.php?rest_route=\/wp\/v2\/posts\/83383\/revisions\/83385"}],"wp:featuredmedia":[{"embeddable":true,"href":"https:\/\/esreviral.com\/index.php?rest_route=\/wp\/v2\/media\/83384"}],"wp:attachment":[{"href":"https:\/\/esreviral.com\/index.php?rest_route=%2Fwp%2Fv2%2Fmedia&parent=83383"}],"wp:term":[{"taxonomy":"category","embeddable":true,"href":"https:\/\/esreviral.com\/index.php?rest_route=%2Fwp%2Fv2%2Fcategories&post=83383"},{"taxonomy":"post_tag","embeddable":true,"href":"https:\/\/esreviral.com\/index.php?rest_route=%2Fwp%2Fv2%2Ftags&post=83383"}],"curies":[{"name":"wp","href":"https:\/\/api.w.org\/{rel}","templated":true}]}}