{"id":83331,"date":"2025-11-10T06:47:53","date_gmt":"2025-11-10T11:47:53","guid":{"rendered":"https:\/\/esreviral.com\/?p=83331"},"modified":"2025-11-10T06:48:51","modified_gmt":"2025-11-10T11:48:51","slug":"la-cultura-venezolana-conquisto-la-noche-de-los-museos-2025","status":"publish","type":"post","link":"https:\/\/esreviral.com\/?p=83331","title":{"rendered":"La cultura venezolana conquist\u00f3 la Noche de los Museos 2025"},"content":{"rendered":"\n<p><strong>El Centro Venezolano Argentino Araguaney se sum\u00f3 por primera vez a la Noche de los Museos 2025,<\/strong> convirti\u00e9ndose en el primer espacio cultural venezolano en formar parte de la principal ruta cultural de la Ciudad de Buenos Aires.<\/p>\n\n\n\n<p>La jornada, que se extendi\u00f3 desde las 19:00 hasta las 2:00 de la madrugada, recibi\u00f3 a cientos de visitantes que disfrutaron de una programaci\u00f3n diversa, emotiva y profundamente identitaria.<\/p>\n\n\n\n<p><strong><em>\u00abEsta noche fue hist\u00f3rica para nuestra comunidad. Por primera vez en m\u00e1s de dos d\u00e9cadas que tiene la Noche de los Museos, un centro cultural venezolano fue parte de esta celebraci\u00f3n. Esto es un reconocimiento al trabajo de nuestra organizaci\u00f3n, al talento de los artistas venezolanos y a la oportunidad de visibilizar el aporte de la migraci\u00f3n venezolana a Argentina, un pa\u00eds que nos ha abrazado como hermanos<\/em><\/strong>\u00bb, expres\u00f3 Al\u00e9 Y\u00e1nez, coordinadora de Cultura de la asociaci\u00f3n civil Alianza por Venezuela.<\/p>\n\n\n\n<p class=\"has-text-align-center\"><strong><a href=\"https:\/\/chat.whatsapp.com\/KWkTmakY3I05kNdd2oZl6d\"><em>\u00daNETE A NUESTRO GRUPO DE WHATSAPP PARA ESTAR INFORMADO<\/em><\/a><\/strong><\/p>\n\n\n\n<figure class=\"wp-block-image size-large\"><img fetchpriority=\"high\" decoding=\"async\" width=\"1024\" height=\"769\" src=\"https:\/\/esreviral.com\/wp-content\/uploads\/2025\/11\/AnyConv.com__WhatsApp-Image-2025-11-10-at-8.35.47-AM-1-1024x769.webp\" alt=\"\" class=\"wp-image-83333\" srcset=\"https:\/\/esreviral.com\/wp-content\/uploads\/2025\/11\/AnyConv.com__WhatsApp-Image-2025-11-10-at-8.35.47-AM-1-1024x769.webp 1024w, https:\/\/esreviral.com\/wp-content\/uploads\/2025\/11\/AnyConv.com__WhatsApp-Image-2025-11-10-at-8.35.47-AM-1-300x225.webp 300w, https:\/\/esreviral.com\/wp-content\/uploads\/2025\/11\/AnyConv.com__WhatsApp-Image-2025-11-10-at-8.35.47-AM-1-768x577.webp 768w, https:\/\/esreviral.com\/wp-content\/uploads\/2025\/11\/AnyConv.com__WhatsApp-Image-2025-11-10-at-8.35.47-AM-1-1536x1153.webp 1536w, https:\/\/esreviral.com\/wp-content\/uploads\/2025\/11\/AnyConv.com__WhatsApp-Image-2025-11-10-at-8.35.47-AM-1-2048x1537.webp 2048w\" sizes=\"(max-width: 1024px) 100vw, 1024px\" \/><\/figure>\n\n\n\n<p><\/p>\n\n\n\n<p>La programaci\u00f3n incluy\u00f3 exposiciones art\u00edsticas, humor y m\u00fasica en vivo, adem\u00e1s de gastronom\u00eda venezolana. Entre los artistas participantes estuvieron: <strong>Rubby Cobain, con su proyecto Rep\u00fablica Revaluada de Venezuela, que transforma billetes en obras de arte para reflexionar sobre la econom\u00eda y la identidad; Ana Lim\u00f3n, ilustradora que retrata los 24 estados de Venezuela en piezas digitales que combinan memoria, cultura y color; Mariangel Navas, comediante que present\u00f3 un espect\u00e1culo de stand-up sobre la migraci\u00f3n, con humor, iron\u00eda y autenticidad; y Lare y Andr\u00e9s Nail, quienes ofrecieron una fusi\u00f3n musical de ritmos venezolanos y argentinos que celebr\u00f3 el encuentro entre culturas.<\/strong><\/p>\n\n\n\n<p>Adem\u00e1s, se present\u00f3 la muestra \u201c<strong><em>Alianza Viva: 8 a\u00f1os acompa\u00f1ando la migraci\u00f3n venezolana en Argentina\u201d<\/em><\/strong>, que recorri\u00f3 los hitos, proyectos y testimonios que han marcado la trayectoria de la ONG Alianza por Venezuela.<\/p>\n\n\n\n<p>La jornada cont\u00f3 con la presencia de los reconocidos periodistas argentinos <strong>Carolina Amoroso y Joaqu\u00edn S\u00e1nchez Mari\u00f1o<\/strong>, quienes acompa\u00f1aron el recorrido y compartieron con la comunidad venezolana.<\/p>\n\n\n\n<figure class=\"wp-block-image size-large\"><img decoding=\"async\" width=\"1024\" height=\"1024\" src=\"https:\/\/esreviral.com\/wp-content\/uploads\/2025\/11\/WhatsApp-Image-2025-11-10-at-8.35.47-AM-1024x1024.jpeg\" alt=\"\" class=\"wp-image-83334\" srcset=\"https:\/\/esreviral.com\/wp-content\/uploads\/2025\/11\/WhatsApp-Image-2025-11-10-at-8.35.47-AM-1024x1024.jpeg 1024w, https:\/\/esreviral.com\/wp-content\/uploads\/2025\/11\/WhatsApp-Image-2025-11-10-at-8.35.47-AM-300x300.jpeg 300w, https:\/\/esreviral.com\/wp-content\/uploads\/2025\/11\/WhatsApp-Image-2025-11-10-at-8.35.47-AM-150x150.jpeg 150w, https:\/\/esreviral.com\/wp-content\/uploads\/2025\/11\/WhatsApp-Image-2025-11-10-at-8.35.47-AM-768x768.jpeg 768w, https:\/\/esreviral.com\/wp-content\/uploads\/2025\/11\/WhatsApp-Image-2025-11-10-at-8.35.47-AM-1536x1536.jpeg 1536w, https:\/\/esreviral.com\/wp-content\/uploads\/2025\/11\/WhatsApp-Image-2025-11-10-at-8.35.47-AM-2048x2048.jpeg 2048w\" sizes=\"(max-width: 1024px) 100vw, 1024px\" \/><\/figure>\n\n\n\n<p><\/p>\n\n\n\n<p>Organizada por el Ministerio de Cultura porte\u00f1o, la 21\u00b0 edici\u00f3n de la Noche de los Museos reuni\u00f3 a m\u00e1s de 300 espacios culturales con entrada libre y gratuita, reafirmando el compromiso de la ciudad con el acceso a la cultura. Y\u00e1nez resalt\u00f3 que, desde su inauguraci\u00f3n en abril de este a\u00f1o, el Centro Venezolano Argentino Araguaney se ha consolidado como un punto de encuentro para la comunidad venezolana en Argentina. \u00ab<strong><em>La participaci\u00f3n en la Noche de los Museos representa un hito para la di\u00e1spora\u00bb<\/em><\/strong>, afirm\u00f3.<\/p>\n\n\n\n<p class=\"has-text-align-center\"><em><strong><em><strong><em><strong><em><strong><a href=\"https:\/\/t.me\/esreviral\">\u00daNETE A NUESTRO CANAL DE TELEGRAM PARA ESTAR INFORMADO<\/a><\/strong><\/em><\/strong><\/em><\/strong><\/em><\/strong><\/em><\/p>\n\n\n\n<p>\u00ab<strong><em>Desde Alianza por Venezuela, agradecemos profundamente a los voluntarios, artistas y todos los visitantes que hicieron posible esta noche inolvidable. El Centro Araguaney se llen\u00f3 de vida, de historias y de comunidad, reafirmando su rol como espacio de encuentro, memoria, identidad y cultura<\/em><\/strong>\u00bb, concluy\u00f3 Y\u00e1nez.<\/p>\n\n\n\n<p><\/p>\n\n\n\n<p class=\"has-text-align-right\"><strong><em>Prensa.-<\/em><\/strong><\/p>\n","protected":false},"excerpt":{"rendered":"<p>El Centro Venezolano Argentino Araguaney vibr\u00f3 con la Noche de los Museos <\/p>\n","protected":false},"author":3,"featured_media":83332,"comment_status":"closed","ping_status":"closed","sticky":false,"template":"","format":"standard","meta":{"jnews-multi-image_gallery":[],"jnews_single_post":{"format":"standard"},"jnews_primary_category":[],"jnews_social_meta":[],"jnews_review":[],"enable_review":"","type":"","name":"","summary":"","brand":"","sku":"","good":[],"bad":[],"score_override":"","override_value":"","rating":[],"price":[],"jnews_override_counter":[],"jnews_post_split":[],"footnotes":""},"categories":[43,5892],"tags":[44,29304,12300,37340,45,67],"class_list":["post-83331","post","type-post","status-publish","format-standard","has-post-thumbnail","hentry","category-actualidad","category-venezolanos-en-argentina","tag-argentina","tag-centro-venezolano-argentino","tag-noche-de-los-museos","tag-noche-de-los-museos-2025","tag-noticias","tag-venezolanos-en-argentina"],"amp_enabled":true,"_links":{"self":[{"href":"https:\/\/esreviral.com\/index.php?rest_route=\/wp\/v2\/posts\/83331"}],"collection":[{"href":"https:\/\/esreviral.com\/index.php?rest_route=\/wp\/v2\/posts"}],"about":[{"href":"https:\/\/esreviral.com\/index.php?rest_route=\/wp\/v2\/types\/post"}],"author":[{"embeddable":true,"href":"https:\/\/esreviral.com\/index.php?rest_route=\/wp\/v2\/users\/3"}],"replies":[{"embeddable":true,"href":"https:\/\/esreviral.com\/index.php?rest_route=%2Fwp%2Fv2%2Fcomments&post=83331"}],"version-history":[{"count":1,"href":"https:\/\/esreviral.com\/index.php?rest_route=\/wp\/v2\/posts\/83331\/revisions"}],"predecessor-version":[{"id":83335,"href":"https:\/\/esreviral.com\/index.php?rest_route=\/wp\/v2\/posts\/83331\/revisions\/83335"}],"wp:featuredmedia":[{"embeddable":true,"href":"https:\/\/esreviral.com\/index.php?rest_route=\/wp\/v2\/media\/83332"}],"wp:attachment":[{"href":"https:\/\/esreviral.com\/index.php?rest_route=%2Fwp%2Fv2%2Fmedia&parent=83331"}],"wp:term":[{"taxonomy":"category","embeddable":true,"href":"https:\/\/esreviral.com\/index.php?rest_route=%2Fwp%2Fv2%2Fcategories&post=83331"},{"taxonomy":"post_tag","embeddable":true,"href":"https:\/\/esreviral.com\/index.php?rest_route=%2Fwp%2Fv2%2Ftags&post=83331"}],"curies":[{"name":"wp","href":"https:\/\/api.w.org\/{rel}","templated":true}]}}