{"id":8331,"date":"2021-07-15T10:59:08","date_gmt":"2021-07-15T13:59:08","guid":{"rendered":"http:\/\/esreviral.com\/?p=8331"},"modified":"2021-07-15T10:59:08","modified_gmt":"2021-07-15T13:59:08","slug":"enfotos-una-protesta-por-la-libertad","status":"publish","type":"post","link":"https:\/\/esreviral.com\/?p=8331","title":{"rendered":"#ENFOTOS una protesta por la libertad"},"content":{"rendered":"\n<p><em><strong>Texto y fotos: Carlos Iv\u00e1n Su\u00e1rez.-<\/strong><\/em> Los ciudadanos cubanos que hacen vida en Argentina protestaron nuevamente en la embajada de su pa\u00eds con el grito de la libertad. <\/p>\n\n\n\n<p>A ellos se le unieron los argentinos y venezolanos que luchan no s\u00f3lo por la ca\u00edda de la dictadura en Cuba sino en Venezuela y Nicaragua.<\/p>\n\n\n\n<figure class=\"wp-block-image size-large\"><img decoding=\"async\" src=\"https:\/\/esreviral.com\/wp-content\/uploads\/2021\/07\/IMG_8130-1024x576.jpg\" alt=\"\" class=\"wp-image-8334\"\/><figcaption>Patria y Vida, fueron uno de los principales lemas de la concentraci\u00f3n <\/figcaption><\/figure>\n\n\n\n<figure class=\"wp-block-image size-large\"><img decoding=\"async\" src=\"https:\/\/esreviral.com\/wp-content\/uploads\/2021\/07\/IMG_8122-1024x576.jpg\" alt=\"\" class=\"wp-image-8333\"\/><figcaption>Adriana Flores y Miguel \u00c1ngel Mart\u00ednez, representantes de Vente Venezuela estuvieron presentes<\/figcaption><\/figure>\n\n\n\n<figure class=\"wp-block-image size-large is-resized\"><img fetchpriority=\"high\" decoding=\"async\" src=\"https:\/\/esreviral.com\/wp-content\/uploads\/2021\/07\/IMG_8192-1024x576.jpg\" alt=\"\" class=\"wp-image-8335\" width=\"614\" height=\"345\"\/><figcaption>Elisa Trotta acompa\u00f1ada de un grupo de cubanos, desde donde rechaz\u00f3 las declaraciones del presidente Alberto Fern\u00e1ndez<\/figcaption><\/figure>\n\n\n\n<figure class=\"wp-block-image size-large\"><img decoding=\"async\" src=\"https:\/\/esreviral.com\/wp-content\/uploads\/2021\/07\/IMG_8189-1024x576.jpg\" alt=\"\" class=\"wp-image-8336\"\/><\/figure>\n\n\n\n<figure class=\"wp-block-image size-large is-resized\"><img decoding=\"async\" src=\"https:\/\/esreviral.com\/wp-content\/uploads\/2021\/07\/IMG_8182-1024x768.jpg\" alt=\"\" class=\"wp-image-8340\" width=\"614\" height=\"460\"\/><figcaption>Colocaron la bandera de Cuba al rev\u00e9s como s\u00edmbolo de rechazo<\/figcaption><\/figure>\n\n\n\n<figure class=\"wp-block-image size-large\"><img decoding=\"async\" src=\"https:\/\/esreviral.com\/wp-content\/uploads\/2021\/07\/IMG_8167-1024x576.jpg\" alt=\"\" class=\"wp-image-8337\"\/><\/figure>\n\n\n\n<figure class=\"wp-block-image size-large\"><img decoding=\"async\" src=\"https:\/\/esreviral.com\/wp-content\/uploads\/2021\/07\/IMG_8137-1024x768.jpg\" alt=\"\" class=\"wp-image-8341\"\/><\/figure>\n\n\n\n<figure class=\"wp-block-image size-large\"><img decoding=\"async\" src=\"https:\/\/esreviral.com\/wp-content\/uploads\/2021\/07\/IMG_8144-1024x576.jpg\" alt=\"\" class=\"wp-image-8338\"\/><figcaption>Un cord\u00f3n policial dividi\u00f3 las protestas de quienes protestaban en contra de la dictadura y a favor de la misma<\/figcaption><\/figure>\n\n\n\n<figure class=\"wp-block-image size-large is-resized\"><img decoding=\"async\" src=\"https:\/\/esreviral.com\/wp-content\/uploads\/2021\/07\/IMG_8127-1024x576.jpg\" alt=\"\" class=\"wp-image-8339\" width=\"619\" height=\"348\"\/><figcaption>Venezolanos en apoyo a los cubanos<\/figcaption><\/figure>\n\n\n\n<figure class=\"wp-block-image size-large\"><img decoding=\"async\" src=\"https:\/\/esreviral.com\/wp-content\/uploads\/2021\/07\/IMG_8112-1024x576.jpg\" alt=\"\" class=\"wp-image-8342\"\/><figcaption>Grupos sindicalistas y obreros, se unieron a favor de D\u00edaz Canel<\/figcaption><\/figure>\n","protected":false},"excerpt":{"rendered":"<p>Texto y fotos: Carlos Iv\u00e1n Su\u00e1rez.- Los ciudadanos cubanos que hacen vida en Argentina protestaron nuevamente en la embajada de su pa\u00eds con el grito de la libertad. A ellos se le unieron los argentinos y venezolanos que luchan no s\u00f3lo por la ca\u00edda de la dictadura en Cuba sino en Venezuela y Nicaragua.<\/p>\n","protected":false},"author":2,"featured_media":8332,"comment_status":"open","ping_status":"open","sticky":false,"template":"","format":"standard","meta":{"jnews-multi-image_gallery":[],"jnews_single_post":[],"jnews_primary_category":[],"jnews_social_meta":[],"jnews_review":[],"enable_review":"","type":"","name":"","summary":"","brand":"","sku":"","good":[],"bad":[],"score_override":"","override_value":"","rating":[],"price":[],"jnews_override_counter":[],"jnews_post_split":[],"footnotes":""},"categories":[43,58],"tags":[958,45,126],"class_list":["post-8331","post","type-post","status-publish","format-standard","has-post-thumbnail","hentry","category-actualidad","category-argentina","tag-cubanos-en-argentina","tag-noticias","tag-protesta"],"amp_enabled":true,"_links":{"self":[{"href":"https:\/\/esreviral.com\/index.php?rest_route=\/wp\/v2\/posts\/8331"}],"collection":[{"href":"https:\/\/esreviral.com\/index.php?rest_route=\/wp\/v2\/posts"}],"about":[{"href":"https:\/\/esreviral.com\/index.php?rest_route=\/wp\/v2\/types\/post"}],"author":[{"embeddable":true,"href":"https:\/\/esreviral.com\/index.php?rest_route=\/wp\/v2\/users\/2"}],"replies":[{"embeddable":true,"href":"https:\/\/esreviral.com\/index.php?rest_route=%2Fwp%2Fv2%2Fcomments&post=8331"}],"version-history":[{"count":0,"href":"https:\/\/esreviral.com\/index.php?rest_route=\/wp\/v2\/posts\/8331\/revisions"}],"wp:featuredmedia":[{"embeddable":true,"href":"https:\/\/esreviral.com\/index.php?rest_route=\/"}],"wp:attachment":[{"href":"https:\/\/esreviral.com\/index.php?rest_route=%2Fwp%2Fv2%2Fmedia&parent=8331"}],"wp:term":[{"taxonomy":"category","embeddable":true,"href":"https:\/\/esreviral.com\/index.php?rest_route=%2Fwp%2Fv2%2Fcategories&post=8331"},{"taxonomy":"post_tag","embeddable":true,"href":"https:\/\/esreviral.com\/index.php?rest_route=%2Fwp%2Fv2%2Ftags&post=8331"}],"curies":[{"name":"wp","href":"https:\/\/api.w.org\/{rel}","templated":true}]}}