{"id":8327,"date":"2021-07-15T10:38:59","date_gmt":"2021-07-15T13:38:59","guid":{"rendered":"http:\/\/esreviral.com\/?p=8327"},"modified":"2021-07-15T10:38:59","modified_gmt":"2021-07-15T13:38:59","slug":"argentina-decreta-cinco-dias-de-duelo-nacional-en-homenaje-a-los-muertos-por-coronavirus","status":"publish","type":"post","link":"https:\/\/esreviral.com\/?p=8327","title":{"rendered":"Argentina decreta cinco d\u00edas de Duelo Nacional en homenaje a los muertos por coronavirus"},"content":{"rendered":"\n<p><strong>El Gobierno nacional decret\u00f3 cinco d\u00edas de duelo nacional<\/strong>&nbsp;como consecuencia del fallecimiento de&nbsp;<strong>m\u00e1s de 100 mil personas v\u00edctimas del coronavirus<\/strong>&nbsp;desde el inicio de la pandemia.<\/p>\n\n\n\n<p>\u00abDecl\u00e1rase Duelo Nacional en todo el territorio de la Rep\u00fablica Argentina por el t\u00e9rmino de cinco d\u00edas, como consecuencia del fallecimiento de m\u00e1s de 100.000 personas, habitantes de nuestro pa\u00eds, v\u00edctimas del Covid-19\u00bb, dice el Decreto 459\/2021 publicado este jueves en el Bolet\u00edn Oficial.<\/p>\n\n\n\n<p>La norma lleva la firma del presidente Alberto Fern\u00e1ndez y del jefe de Gabinete, Santiago Cafiero.<\/p>\n\n\n\n<p>En su art\u00edculo 2,&nbsp;<strong>el decreto expresa a las familias de las personas fallecidas \u00ablas m\u00e1s sentidas condolencias del Gobierno nacional\u00bb<\/strong>.<\/p>\n\n\n\n<blockquote class=\"wp-block-quote td_quote_box td_box_center is-layout-flow wp-block-quote-is-layout-flow\"><p>\u00abUn dolor inmenso atraviesa al conjunto de la sociedad por todas y cada una de las personas que fueron v\u00edctimas fatales de la pandemia\u00bb<\/p><\/blockquote>\n\n\n\n<p>Como es de forma, durante los d\u00edas de duelo,&nbsp;<strong>la Bandera Nacional permanecer\u00e1 izada a media asta en todos los edificios p\u00fablicos<\/strong>.<\/p>\n\n\n\n<p>En los considerandos de la medida, se expresa que \u00abcada una de esas personas ten\u00eda un nombre, una vida, familiares, amigos, amigas y afectos\u00bb y que \u00ab<strong>un dolor inmenso atraviesa al conjunto de la sociedad<\/strong>&nbsp;por todas y cada una de las personas que fueron v\u00edctimas fatales de la pandemia\u00bb.<\/p>\n\n\n\n<p>Asimismo, se\u00f1ala que&nbsp;<strong>la sociedad argentina \u00abdebe y desea recordar y rendir homenaje a quienes se han ido en este tiempo doloroso\u00bb<\/strong>, y que \u00ablo mejor que podemos hacer como sociedad es que tanto pesar y desconsuelo se vuelva fuerza e impulso para atravesar unidos y unidas el tiempo por venir, avanzando r\u00e1pidamente con la mayor campa\u00f1a de vacunaci\u00f3n de la historia del pa\u00eds\u00bb.<\/p>\n\n\n\n<p>El decreto remarca adem\u00e1s que resulta \u00abfundamental que cada habitante del pa\u00eds tome plena conciencia del riesgo para la salud y la vida que implica el Covid-19 y de la necesidad de atender a los cuidados personales y colectivos\u00bb.<\/p>\n\n\n\n<p>Seg\u00fan los n\u00fameros oficiales notificados\u00a0<strong>este mi\u00e9rcoles, la Argentina alcanz\u00f3 los 100.250 muertos v\u00edctimas de coronavirus<\/strong>\u00a0desde el inicio de la pandemia y un total de 4.702.657 de casos notificados.<\/p>\n\n\n\n<p class=\"has-text-align-right\"><strong><em>Telam.-<\/em><\/strong><\/p>\n","protected":false},"excerpt":{"rendered":"<p>El Gobierno nacional decret\u00f3 cinco d\u00edas de duelo nacional&nbsp;como consecuencia del fallecimiento de&nbsp;m\u00e1s de 100 mil personas v\u00edctimas del coronavirus&nbsp;desde el inicio de la pandemia. \u00abDecl\u00e1rase Duelo Nacional en todo el territorio de la Rep\u00fablica Argentina por el t\u00e9rmino de cinco d\u00edas, como consecuencia del fallecimiento de m\u00e1s de 100.000 personas, habitantes de nuestro pa\u00eds, [&hellip;]<\/p>\n","protected":false},"author":2,"featured_media":8328,"comment_status":"open","ping_status":"open","sticky":false,"template":"","format":"standard","meta":{"jnews-multi-image_gallery":[],"jnews_single_post":[],"jnews_primary_category":[],"jnews_social_meta":[],"jnews_review":[],"enable_review":"","type":"","name":"","summary":"","brand":"","sku":"","good":[],"bad":[],"score_override":"","override_value":"","rating":[],"price":[],"jnews_override_counter":[],"jnews_post_split":[],"footnotes":""},"categories":[43,58],"tags":[77,45],"class_list":["post-8327","post","type-post","status-publish","format-standard","has-post-thumbnail","hentry","category-actualidad","category-argentina","tag-coronavirus","tag-noticias"],"amp_enabled":true,"_links":{"self":[{"href":"https:\/\/esreviral.com\/index.php?rest_route=\/wp\/v2\/posts\/8327"}],"collection":[{"href":"https:\/\/esreviral.com\/index.php?rest_route=\/wp\/v2\/posts"}],"about":[{"href":"https:\/\/esreviral.com\/index.php?rest_route=\/wp\/v2\/types\/post"}],"author":[{"embeddable":true,"href":"https:\/\/esreviral.com\/index.php?rest_route=\/wp\/v2\/users\/2"}],"replies":[{"embeddable":true,"href":"https:\/\/esreviral.com\/index.php?rest_route=%2Fwp%2Fv2%2Fcomments&post=8327"}],"version-history":[{"count":0,"href":"https:\/\/esreviral.com\/index.php?rest_route=\/wp\/v2\/posts\/8327\/revisions"}],"wp:featuredmedia":[{"embeddable":true,"href":"https:\/\/esreviral.com\/index.php?rest_route=\/"}],"wp:attachment":[{"href":"https:\/\/esreviral.com\/index.php?rest_route=%2Fwp%2Fv2%2Fmedia&parent=8327"}],"wp:term":[{"taxonomy":"category","embeddable":true,"href":"https:\/\/esreviral.com\/index.php?rest_route=%2Fwp%2Fv2%2Fcategories&post=8327"},{"taxonomy":"post_tag","embeddable":true,"href":"https:\/\/esreviral.com\/index.php?rest_route=%2Fwp%2Fv2%2Ftags&post=8327"}],"curies":[{"name":"wp","href":"https:\/\/api.w.org\/{rel}","templated":true}]}}