{"id":8324,"date":"2021-07-15T10:31:07","date_gmt":"2021-07-15T13:31:07","guid":{"rendered":"http:\/\/esreviral.com\/?p=8324"},"modified":"2021-07-15T10:31:07","modified_gmt":"2021-07-15T13:31:07","slug":"entre-gallos-y-media-noche-presentaron-y-ratificaron-la-privativa-de-libertad-a-freddy-guevara","status":"publish","type":"post","link":"https:\/\/esreviral.com\/?p=8324","title":{"rendered":"Entre gallos y media noche presentaron y ratificaron la privativa de libertad a Freddy Guevara"},"content":{"rendered":"\n<p>El l\u00edder opositor venezolano, Freddy Guevara, fue detenido el pasado lunes en horas del mediod\u00eda, desde entonces se desconoc\u00eda su paradero, por lo que se habl\u00f3 de un secuestro. En la noche el fiscal general, Tarek William Saab inform\u00f3 que lo hab\u00edan capturado por una serie de delitos. <\/p>\n\n\n\n<p>Este mi\u00e9rcoles por la noche fue presentado a los tribunales y no fue sino la madrugada del jueves cuando le ratificaron la medida privativa de libertad, violando el debido proceso y hasta la comunicaci\u00f3n con sus abogados. <\/p>\n\n\n\n<p>El Tribunal Cuarto estableci\u00f3 como sitio de reclusi\u00f3n para el parlamentario la sede del Servicio Bolivariano de Inteligencia Nacional (Sebin) en El Helicoide. Cabe destacar que el encargado es el juez Mascimino M\u00e1rquez, el mismo que mantiene preso a Roland Carre\u00f1o. <\/p>\n\n\n\n<p>\u00abFreddy agradece a todos por el apoyo y asegura que siempre estuvo claro del riesgo que corr\u00eda. Env\u00eda un mensaje al pa\u00eds: que sigamos en la lucha por la libertad de Venezuela\u00bb, se\u00f1al\u00f3 Voluntad Popular en\u00a0<a rel=\"noreferrer noopener\" href=\"https:\/\/twitter.com\/VoluntadPopular\/status\/1415628302455296000\" target=\"_blank\">Twitter<\/a>.<\/p>\n\n\n\n<p><strong><span style=\"background-color:#9a1b22\" class=\"td_text_highlight_marker\">El plan del oficialismo<\/span><\/strong><\/p>\n\n\n\n<p>El presidente del Parlamento de 2020, Jorge Rodr\u00edguez, mostr\u00f3 el martes unas supuestas conversaciones por WhatsApp entre Guevara y otros opositores que forman parte del partido pol\u00edtico Voluntad Popular, que lidera Leopoldo L\u00f3pez.<\/p>\n\n\n\n<p>En dichas conversaciones, seg\u00fan la versi\u00f3n de Rodr\u00edguez, los opositores dialogaban en un lenguaje cifrado acerca de preparar los tiroteos de la semana pasada junto a las bandas criminales de la Cota 905.<\/p>\n\n\n\n<p>Uno de los abogados de Guevara, Omar Mora Tosta, denunci\u00f3 que el proceso est\u00e1 viciado porque se les condena a trav\u00e9s de una rueda de prensa y son detenidos sin orden judicial.<\/p>\n","protected":false},"excerpt":{"rendered":"<p>El l\u00edder opositor venezolano, Freddy Guevara, fue detenido el pasado lunes en horas del mediod\u00eda, desde entonces se desconoc\u00eda su paradero, por lo que se habl\u00f3 de un secuestro. En la noche el fiscal general, Tarek William Saab inform\u00f3 que lo hab\u00edan capturado por una serie de delitos. Este mi\u00e9rcoles por la noche fue presentado [&hellip;]<\/p>\n","protected":false},"author":2,"featured_media":8325,"comment_status":"open","ping_status":"open","sticky":false,"template":"","format":"standard","meta":{"jnews-multi-image_gallery":[],"jnews_single_post":[],"jnews_primary_category":[],"jnews_social_meta":[],"jnews_review":[],"enable_review":"","type":"","name":"","summary":"","brand":"","sku":"","good":[],"bad":[],"score_override":"","override_value":"","rating":[],"price":[],"jnews_override_counter":[],"jnews_post_split":[],"footnotes":""},"categories":[66],"tags":[959,45],"class_list":["post-8324","post","type-post","status-publish","format-standard","has-post-thumbnail","hentry","category-venezuela","tag-freddy-guevara","tag-noticias"],"amp_enabled":true,"_links":{"self":[{"href":"https:\/\/esreviral.com\/index.php?rest_route=\/wp\/v2\/posts\/8324"}],"collection":[{"href":"https:\/\/esreviral.com\/index.php?rest_route=\/wp\/v2\/posts"}],"about":[{"href":"https:\/\/esreviral.com\/index.php?rest_route=\/wp\/v2\/types\/post"}],"author":[{"embeddable":true,"href":"https:\/\/esreviral.com\/index.php?rest_route=\/wp\/v2\/users\/2"}],"replies":[{"embeddable":true,"href":"https:\/\/esreviral.com\/index.php?rest_route=%2Fwp%2Fv2%2Fcomments&post=8324"}],"version-history":[{"count":0,"href":"https:\/\/esreviral.com\/index.php?rest_route=\/wp\/v2\/posts\/8324\/revisions"}],"wp:featuredmedia":[{"embeddable":true,"href":"https:\/\/esreviral.com\/index.php?rest_route=\/"}],"wp:attachment":[{"href":"https:\/\/esreviral.com\/index.php?rest_route=%2Fwp%2Fv2%2Fmedia&parent=8324"}],"wp:term":[{"taxonomy":"category","embeddable":true,"href":"https:\/\/esreviral.com\/index.php?rest_route=%2Fwp%2Fv2%2Fcategories&post=8324"},{"taxonomy":"post_tag","embeddable":true,"href":"https:\/\/esreviral.com\/index.php?rest_route=%2Fwp%2Fv2%2Ftags&post=8324"}],"curies":[{"name":"wp","href":"https:\/\/api.w.org\/{rel}","templated":true}]}}