{"id":83208,"date":"2025-11-06T07:45:47","date_gmt":"2025-11-06T12:45:47","guid":{"rendered":"https:\/\/esreviral.com\/?p=83208"},"modified":"2025-11-06T07:49:46","modified_gmt":"2025-11-06T12:49:46","slug":"buenos-aires-24-horas-el-nuevo-plan-porteno-para-potenciar-la-vida-nocturna-y-mejorar-la-seguridad","status":"publish","type":"post","link":"https:\/\/esreviral.com\/?p=83208","title":{"rendered":"Buenos Aires 24 horas: el nuevo plan porte\u00f1o para potenciar la vida nocturna y mejorar la seguridad"},"content":{"rendered":"\n<p>La Ciudad, una de las capitales mundiales del entretenimiento, <strong>activa el programa Buenos Aires 24 horas<\/strong>, un plan para que quienes viven, trabajan y disfrutan de la noche lo hagan con m\u00e1s seguridad, servicios y oportunidades y seguir potenciando la vida nocturna porte\u00f1a.<\/p>\n\n\n\n<p>Entre las acciones que se llevar\u00e1n adelante se destacan los operativos de control y el refuerzo de la higiene urbana; el aumento de la frecuencia y la extensi\u00f3n del horario del subte y de colectivos garantizando que moverse de noche sea m\u00e1s f\u00e1cil y seguro; conexi\u00f3n entre zonas de ocio nocturno y centros de transbordo; m\u00e1s se\u00f1al\u00e9tica; refuerzo y renovaci\u00f3n de luminarias; mayor presencia policial; control de \u00abtrapitos\u00bb; y nuevos estacionamientos y medidas para ordenar el tr\u00e1nsito en sectores como Costanera y Palermo. Tambi\u00e9n habr\u00e1 ambulancias y motos m\u00e9dicas en lugares de gran concurrencia de gente.<\/p>\n\n\n\n<p class=\"has-text-align-center\"><strong><a href=\"https:\/\/chat.whatsapp.com\/KWkTmakY3I05kNdd2oZl6d\"><em>\u00daNETE A NUESTRO GRUPO DE WHATSAPP PARA ESTAR INFORMADO<\/em><\/a><\/strong><\/p>\n\n\n\n<figure class=\"wp-block-image size-large is-resized\"><img fetchpriority=\"high\" decoding=\"async\" width=\"1024\" height=\"682\" src=\"https:\/\/esreviral.com\/wp-content\/uploads\/2025\/11\/AnyConv.com__WhatsApp_Image_2025-11-05_at_4.28.47_PM-1024x682.webp\" alt=\"\" class=\"wp-image-83209\" style=\"width:1071px;height:auto\" srcset=\"https:\/\/esreviral.com\/wp-content\/uploads\/2025\/11\/AnyConv.com__WhatsApp_Image_2025-11-05_at_4.28.47_PM-1024x682.webp 1024w, https:\/\/esreviral.com\/wp-content\/uploads\/2025\/11\/AnyConv.com__WhatsApp_Image_2025-11-05_at_4.28.47_PM-300x200.webp 300w, https:\/\/esreviral.com\/wp-content\/uploads\/2025\/11\/AnyConv.com__WhatsApp_Image_2025-11-05_at_4.28.47_PM-768x512.webp 768w, https:\/\/esreviral.com\/wp-content\/uploads\/2025\/11\/AnyConv.com__WhatsApp_Image_2025-11-05_at_4.28.47_PM.webp 1280w\" sizes=\"(max-width: 1024px) 100vw, 1024px\" \/><\/figure>\n\n\n\n<p><\/p>\n\n\n\n<p>La programaci\u00f3n especial de la Ciudad se completa con evento como la Noche de los Museos (el s\u00e1bado pr\u00f3ximo), de las librer\u00edas (el 22\/11), de las Helader\u00edas (el 13\/11), y Retiro Abierto (el 27\/11), y m\u00e1s propuestas como Corrientes 24h para el disfrute nocturno de los porte\u00f1os.<\/p>\n\n\n\n<p>Este plan comienza con una primera etapa que busca acompa\u00f1ar la temporada alta de eventos masivos, hasta diciembre, en ocho zonas clave: la Plaza Serrano (jueves y domingo de 19 a 3, y viernes y s\u00e1bado de 19 a 6); el Paseo de la Infanta (jueves y domingo de 19 a 3 de la madrugada, y viernes y s\u00e1bado de 19 a 6); la avenida Corrientes (Jueves, viernes y s\u00e1bado de 19 a 3) , el Abasto ( Jueves, viernes y s\u00e1bado de 19 a 3) , el Microcentro (Jueves a domingo de 19 a 3), Caballito (Jueves, viernes y s\u00e1bado de 19 a 1 de la madrugada); &nbsp;Villa Devoto ( Jueves, viernes y s\u00e1bado de 19 a 2) y el Distrito Joven en la Costanera ( Viernes y s\u00e1bado de 22 a 7). Y que acompa\u00f1an este movimiento de &nbsp;reactivaci\u00f3n de la econom\u00eda nocturna.<\/p>\n\n\n\n<p>Con respecto al transporte, se reforzar\u00e1n las l\u00edneas 108, 99, 107, 25, 7, 109 y 115 para brindar una frecuencia de 20 a 30 minutos entre las cero hora y las 5 de la madrugada, y se pondr\u00e1n en valor las demarcaciones de los cajones amarillos (la se\u00f1alizaci\u00f3n de los colectivos). En cuanto a los Subtes se programa una extensi\u00f3n de su red para eventos especiales (Shows, noches de, etc.).<\/p>\n\n\n\n<p><strong>\u00abLa noche porte\u00f1a tiene la capacidad de conquistar a los turistas m\u00e1s exigentes, y son los mismos vecinos quienes le dan esa magia que nos ha hecho c\u00e9lebres en todo el mundo\u00bb<\/strong>, sostuvo el Jefe de Gobierno, Jorge Macri. Y agreg\u00f3:&nbsp;<strong>\u00abCon BA 24 acompa\u00f1amos a los que trabajan cuando otros duermen, y protegemos a los que disfrutan y descansan. Queremos potenciar la noche y llevar la cultura porte\u00f1a a otro nivel\u00bb<\/strong>.<\/p>\n\n\n\n<figure class=\"wp-block-image size-large\"><img decoding=\"async\" width=\"1024\" height=\"682\" src=\"https:\/\/esreviral.com\/wp-content\/uploads\/2025\/11\/AnyConv.com__WhatsApp_Image_2025-11-05_at_4.29.12_PM-1024x682.webp\" alt=\"\" class=\"wp-image-83210\" srcset=\"https:\/\/esreviral.com\/wp-content\/uploads\/2025\/11\/AnyConv.com__WhatsApp_Image_2025-11-05_at_4.29.12_PM-1024x682.webp 1024w, https:\/\/esreviral.com\/wp-content\/uploads\/2025\/11\/AnyConv.com__WhatsApp_Image_2025-11-05_at_4.29.12_PM-300x200.webp 300w, https:\/\/esreviral.com\/wp-content\/uploads\/2025\/11\/AnyConv.com__WhatsApp_Image_2025-11-05_at_4.29.12_PM-768x512.webp 768w, https:\/\/esreviral.com\/wp-content\/uploads\/2025\/11\/AnyConv.com__WhatsApp_Image_2025-11-05_at_4.29.12_PM.webp 1280w\" sizes=\"(max-width: 1024px) 100vw, 1024px\" \/><\/figure>\n\n\n\n<p><\/p>\n\n\n\n<p>De este modo, la Ciudad busca fortalecer su posicionamiento como una de las capitales del entretenimiento nocturno m\u00e1s activas y destacadas del mundo, reforzando el orden p\u00fablico y ofreciendo al sector privado m\u00e1s oportunidades de crecimiento.<\/p>\n\n\n\n<p>Con una agenda de trabajo centrada en el vecino, el plan \u00abBA 24 Horas\u00bb est\u00e1 inspirado en una red global de m\u00e1s de 80 ciudades que implementan pol\u00edticas integrales de planificaci\u00f3n y gesti\u00f3n urbana para potenciar el disfrute nocturno y al mismo tiempo proteger a quienes descansan y acompa\u00f1ar a quienes trabajan por las noches.<\/p>\n\n\n\n<p>La Ciudad cuenta hoy con aproximadamente 5 mil establecimientos que funcionan por la noche, entre centros culturales, espacios independientes, gastron\u00f3micos, salones de eventos, teatros, lugares de venta de alimentos y clubes nocturnos.<\/p>\n\n\n\n<p class=\"has-text-align-center\"><em><strong><em><strong><em><strong><em><strong><a href=\"https:\/\/t.me\/esreviral\">\u00daNETE A NUESTRO CANAL DE TELEGRAM PARA ESTAR INFORMADO<\/a><\/strong><\/em><\/strong><\/em><\/strong><\/em><\/strong><\/em><\/p>\n\n\n\n<p>Favorecer el desarrollo de la nocturnidad significa ofrecer oportunidades de crecimiento para el sector privado y de disfrute para los porte\u00f1os. La econom\u00eda nocturna representa un importante porci\u00f3n del empleo en la Ciudad (50.616 entre los que se destaca gastronom\u00eda y entretenimiento) y tiene un fuerte impacto econ\u00f3mico.<\/p>\n\n\n\n<p>El plan \u00ab<strong><em>BA 24 Horas\u00bb<\/em><\/strong> se estructura por etapas y a largo plazo se proyecta como una de las 50 grandes transformaciones de la Ciudad hacia 2027.<\/p>\n\n\n\n<p class=\"has-text-align-right\"><em><strong>Prensa GCBA<\/strong>.-<\/em><\/p>\n","protected":false},"excerpt":{"rendered":"<p>En una primera etapa, el plan busca potenciar la temporada alta de nocturnidad que se extiende hasta diciembre para el mayor disfrute del porte\u00f1o y la reactivaci\u00f3n del sector.<\/p>\n","protected":false},"author":3,"featured_media":83211,"comment_status":"closed","ping_status":"closed","sticky":false,"template":"","format":"standard","meta":{"jnews-multi-image_gallery":[],"jnews_single_post":{"format":"standard"},"jnews_primary_category":[],"jnews_social_meta":[],"jnews_review":[],"enable_review":"","type":"","name":"","summary":"","brand":"","sku":"","good":[],"bad":[],"score_override":"","override_value":"","rating":[],"price":[],"jnews_override_counter":[],"jnews_post_split":[],"footnotes":""},"categories":[58],"tags":[44,37411,45],"class_list":["post-83208","post","type-post","status-publish","format-standard","has-post-thumbnail","hentry","category-argentina","tag-argentina","tag-ba-24-horas","tag-noticias"],"amp_enabled":true,"_links":{"self":[{"href":"https:\/\/esreviral.com\/index.php?rest_route=\/wp\/v2\/posts\/83208"}],"collection":[{"href":"https:\/\/esreviral.com\/index.php?rest_route=\/wp\/v2\/posts"}],"about":[{"href":"https:\/\/esreviral.com\/index.php?rest_route=\/wp\/v2\/types\/post"}],"author":[{"embeddable":true,"href":"https:\/\/esreviral.com\/index.php?rest_route=\/wp\/v2\/users\/3"}],"replies":[{"embeddable":true,"href":"https:\/\/esreviral.com\/index.php?rest_route=%2Fwp%2Fv2%2Fcomments&post=83208"}],"version-history":[{"count":1,"href":"https:\/\/esreviral.com\/index.php?rest_route=\/wp\/v2\/posts\/83208\/revisions"}],"predecessor-version":[{"id":83212,"href":"https:\/\/esreviral.com\/index.php?rest_route=\/wp\/v2\/posts\/83208\/revisions\/83212"}],"wp:featuredmedia":[{"embeddable":true,"href":"https:\/\/esreviral.com\/index.php?rest_route=\/wp\/v2\/media\/83211"}],"wp:attachment":[{"href":"https:\/\/esreviral.com\/index.php?rest_route=%2Fwp%2Fv2%2Fmedia&parent=83208"}],"wp:term":[{"taxonomy":"category","embeddable":true,"href":"https:\/\/esreviral.com\/index.php?rest_route=%2Fwp%2Fv2%2Fcategories&post=83208"},{"taxonomy":"post_tag","embeddable":true,"href":"https:\/\/esreviral.com\/index.php?rest_route=%2Fwp%2Fv2%2Ftags&post=83208"}],"curies":[{"name":"wp","href":"https:\/\/api.w.org\/{rel}","templated":true}]}}