{"id":83204,"date":"2025-11-06T07:21:41","date_gmt":"2025-11-06T12:21:41","guid":{"rendered":"https:\/\/esreviral.com\/?p=83204"},"modified":"2025-11-06T07:37:54","modified_gmt":"2025-11-06T12:37:54","slug":"cristina-kirchner-enfrenta-otro-juicio-el-de-mayor-corrupcion-en-la-historia-argentina","status":"publish","type":"post","link":"https:\/\/esreviral.com\/?p=83204","title":{"rendered":"Cristina Kirchner enfrenta otro juicio: El de mayor corrupci\u00f3n en la historia Argentina"},"content":{"rendered":"\n<p>Hoy a las 9:30 iniciar\u00e1 el juicio oral por el esc\u00e1ndalo de los llamados \u201c<strong><em>cuadernos de las coimas<\/em><\/strong>\u201d, considerado el proceso por corrupci\u00f3n m\u00e1s grande de la historia de Argentina. La causa se origin\u00f3 a partir de las<strong> anotaciones del chofer Oscar Centeno<\/strong>, quien document\u00f3 en detalle los presuntos sobornos pagados por empresarios a funcionarios para obtener contratos de obras p\u00fablicas durante los gobiernos kirchneristas. <\/p>\n\n\n\n<p>El caso surgi\u00f3 de una investigaci\u00f3n period\u00edstica publicada en 2018 por <strong>Diego Cabot<\/strong> y un equipo de <strong>LA NACI\u00d3N<\/strong>, y deriv\u00f3 en una megacausa con <strong>87 imputados<\/strong>, entre ellos la expresidenta <strong>Cristina Fern\u00e1ndez de Kirchner<\/strong>, el exministro <strong>Julio De Vido<\/strong> y su mano derecha <strong>Roberto Baratta<\/strong>, adem\u00e1s de ejecutivos de las principales constructoras del pa\u00eds.<\/p>\n\n\n\n<p class=\"has-text-align-center\"><strong><a href=\"https:\/\/chat.whatsapp.com\/KWkTmakY3I05kNdd2oZl6d\"><em>\u00daNETE A NUESTRO GRUPO DE WHATSAPP PARA ESTAR INFORMADO<\/em><\/a><\/strong><\/p>\n\n\n<div class=\"wp-block-image\">\n<figure class=\"aligncenter size-large\"><img decoding=\"async\" src=\"https:\/\/resizer.glanacion.com\/resizer\/v2\/los-jueces-del-caso-cuadernos-fernando-canero-LWT2VIJUZNHEZF64IYZAJQTOI4.jpg?auth=6bb1e3f7f9d300e6ec6b3c0e89392081050cc4ad472054a917582f0b27adaeaf&amp;width=780&amp;height=520&amp;quality=70&amp;smart=true\" alt=\"\"\/><figcaption class=\"wp-element-caption\">Los jueces del caso cuadernos: Fernando Canero, Germ\u00e1n Castelli y Enrique M\u00e9ndez Signori<\/figcaption><\/figure><\/div>\n\n\n<p><\/p>\n\n\n\n<p>El juicio estar\u00e1 a cargo del <strong>Tribunal Oral Federal N.\u00ba 7<\/strong> y, debido al volumen de pruebas, <strong>se prev\u00e9 que se extienda por varios a\u00f1os<\/strong>. Las audiencias, al menos en esta primera etapa, se realizar\u00e1n una vez por semana.<\/p>\n\n\n\n<p>El proceso judicial comenzar\u00e1 hoy de manera virtual, mediante <strong>Zoom<\/strong>, donde se proceder\u00e1 a la lectura de las acusaciones elaboradas por el fiscal <strong>Carlos Stornelli<\/strong>, un tr\u00e1mite que podr\u00eda extenderse hasta fin de a\u00f1o.<\/p>\n\n\n\n<p>Una de las sorpresas de la jornada ser\u00e1 la reaparici\u00f3n p\u00fablica de la exprocuradora general <strong>Alejandra Gils Carb\u00f3<\/strong>, quien asumir\u00e1 la defensa del empresario <strong>Gerardo Ferreyra<\/strong>, titular de <strong>Electroingenier\u00eda<\/strong>. La abogada acept\u00f3 su designaci\u00f3n en la v\u00edspera del inicio del juicio.<\/p>\n\n\n\n<p>Gils Carb\u00f3 fue procuradora general de la Naci\u00f3n entre 2012 y 2017, propuesta por la entonces presidenta Cristina Kirchner. Tras su renuncia durante el gobierno de Mauricio Macri, hab\u00eda mantenido un perfil bajo hasta ahora.<\/p>\n\n\n<div class=\"wp-block-image\">\n<figure class=\"aligncenter size-large\"><img decoding=\"async\" src=\"https:\/\/resizer.glanacion.com\/resizer\/v2\/el-fiscal-carlos-NSISZGJQSVBQZLL7T4HTJ2DFKE.JPG?auth=30913b96791651ab93f6febb9752c2764009436bedfcfbc2f1372a751b3fa807&amp;width=780&amp;height=522&amp;quality=70&amp;smart=true\" alt=\"\"\/><figcaption class=\"wp-element-caption\">El fiscal Carlos Stornelli<\/figcaption><\/figure><\/div>\n\n\n<p><\/p>\n\n\n\n<p>Ferreyra, empresario vinculado hist\u00f3ricamente al kirchnerismo, fue dirigente del <strong>Partido Revolucionario de los Trabajadores-Ej\u00e9rcito Revolucionario del Pueblo (PRT-ERP)<\/strong> y estuvo preso durante nueve a\u00f1os durante la dictadura militar. D\u00e9cadas despu\u00e9s volvi\u00f3 a prisi\u00f3n, esta vez por su presunta participaci\u00f3n en la trama de sobornos.<\/p>\n\n\n\n<p>El empresario fue arrestado el <strong>1\u00b0 de agosto de 2018<\/strong> por orden del juez <strong>Claudio Bonadio<\/strong> y recuper\u00f3 su libertad el <strong>4 de febrero de 2019<\/strong>, tras una decisi\u00f3n de la C\u00e1mara Federal. A pesar de haber recibido ofrecimientos para declarar como arrepentido, Ferreyra se neg\u00f3 a colaborar con la justicia y prefiri\u00f3 permanecer detenido hasta su excarcelaci\u00f3n.<\/p>\n\n\n\n<p class=\"has-text-align-center\"><em><strong><em><strong><em><strong><em><strong><a href=\"https:\/\/t.me\/esreviral\">\u00daNETE A NUESTRO CANAL DE TELEGRAM PARA ESTAR INFORMADO<\/a><\/strong><\/em><\/strong><\/em><\/strong><\/em><\/strong><\/em><\/p>\n\n\n\n<p>En la causa figura acusado de participar en <strong>m\u00faltiples entregas de dinero a funcionarios<\/strong>, principalmente a <strong>Roberto Baratta<\/strong> y <strong>Daniel Mu\u00f1oz<\/strong>. Seg\u00fan el expediente, los montos entregados superan los <strong>millones de d\u00f3lares<\/strong> e incluyen operaciones fechadas entre julio y octubre de 2010 por sumas que van desde <strong>US$380.000 hasta m\u00e1s de US$4.500.000<\/strong>.<\/p>\n\n\n\n<p>Este proceso judicial promete ser uno de los m\u00e1s extensos y medi\u00e1ticos de los \u00faltimos tiempos, con una compleja red de testimonios, pruebas y v\u00ednculos pol\u00edticos que marcar\u00e1n un cap\u00edtulo clave en la historia judicial argentina.<\/p>\n\n\n\n<p class=\"has-text-align-right\"><strong><em>Con Informaci\u00f3n de LN.-<\/em><\/strong><\/p>\n","protected":false},"excerpt":{"rendered":"<p>Justicia. Cristina Kirchner es la principal acusada; hay otros 86 imputados y demorar\u00eda a\u00f1os<\/p>\n","protected":false},"author":3,"featured_media":83205,"comment_status":"closed","ping_status":"closed","sticky":false,"template":"","format":"standard","meta":{"jnews-multi-image_gallery":[],"jnews_single_post":{"format":"standard"},"jnews_primary_category":[],"jnews_social_meta":[],"jnews_review":[],"enable_review":"","type":"","name":"","summary":"","brand":"","sku":"","good":[],"bad":[],"score_override":"","override_value":"","rating":[],"price":[],"jnews_override_counter":[],"jnews_post_split":[],"footnotes":""},"categories":[58,59],"tags":[44,2268,37410,45,2858],"class_list":["post-83204","post","type-post","status-publish","format-standard","has-post-thumbnail","hentry","category-argentina","category-politica","tag-argentina","tag-cristina-kirchner","tag-cuadernos-de-las-coimas","tag-noticias","tag-sobornos"],"amp_enabled":true,"_links":{"self":[{"href":"https:\/\/esreviral.com\/index.php?rest_route=\/wp\/v2\/posts\/83204"}],"collection":[{"href":"https:\/\/esreviral.com\/index.php?rest_route=\/wp\/v2\/posts"}],"about":[{"href":"https:\/\/esreviral.com\/index.php?rest_route=\/wp\/v2\/types\/post"}],"author":[{"embeddable":true,"href":"https:\/\/esreviral.com\/index.php?rest_route=\/wp\/v2\/users\/3"}],"replies":[{"embeddable":true,"href":"https:\/\/esreviral.com\/index.php?rest_route=%2Fwp%2Fv2%2Fcomments&post=83204"}],"version-history":[{"count":1,"href":"https:\/\/esreviral.com\/index.php?rest_route=\/wp\/v2\/posts\/83204\/revisions"}],"predecessor-version":[{"id":83207,"href":"https:\/\/esreviral.com\/index.php?rest_route=\/wp\/v2\/posts\/83204\/revisions\/83207"}],"wp:featuredmedia":[{"embeddable":true,"href":"https:\/\/esreviral.com\/index.php?rest_route=\/wp\/v2\/media\/83205"}],"wp:attachment":[{"href":"https:\/\/esreviral.com\/index.php?rest_route=%2Fwp%2Fv2%2Fmedia&parent=83204"}],"wp:term":[{"taxonomy":"category","embeddable":true,"href":"https:\/\/esreviral.com\/index.php?rest_route=%2Fwp%2Fv2%2Fcategories&post=83204"},{"taxonomy":"post_tag","embeddable":true,"href":"https:\/\/esreviral.com\/index.php?rest_route=%2Fwp%2Fv2%2Ftags&post=83204"}],"curies":[{"name":"wp","href":"https:\/\/api.w.org\/{rel}","templated":true}]}}