{"id":83199,"date":"2025-11-06T08:12:36","date_gmt":"2025-11-06T13:12:36","guid":{"rendered":"https:\/\/esreviral.com\/?p=83199"},"modified":"2025-11-06T08:25:17","modified_gmt":"2025-11-06T13:25:17","slug":"primera-gran-jornada-de-salud-en-cordoba-para-migrantes-y-refugiados","status":"publish","type":"post","link":"https:\/\/esreviral.com\/?p=83199","title":{"rendered":"C\u00f3rdoba ser\u00e1 sede de la Primera Gran Jornada de Salud impulsada por asociaciones venezolanas"},"content":{"rendered":"\n<p><strong><em>KQA.- <\/em><\/strong>La ciudad de <strong>C\u00f3rdoba<\/strong> ser\u00e1 sede de la <strong>1\u00aa Jornada de Salud para poblaci\u00f3n migrante, refugiada y solicitante de asilo<\/strong>, una iniciativa impulsada por la <strong>Cruz Roja Argentina<\/strong>, el <strong>Servicio Jesuita a Migrantes (SJM)<\/strong>, la <strong>Asociaci\u00f3n Civil Venezolanos en C\u00f3rdoba (ACVCA)<\/strong>, la <strong>Asociaci\u00f3n de M\u00e9dicos Venezolanos en Argentina (Asomevenar)<\/strong> y el <strong>Centro de Atenci\u00f3n a Personas Migrantes y Refugiadas (CAPeM)<\/strong>.<\/p>\n\n\n\n<p>El encuentro se llevar\u00e1 a cabo el <strong>s\u00e1bado 15 de noviembre<\/strong>, entre las <strong>10:00 y las 14:00 horas<\/strong>, en la <strong>sede de la Cruz Roja<\/strong>, ubicada en <strong>27 de Abril 1161, barrio Alberdi<\/strong>.<\/p>\n\n\n\n<p class=\"has-text-align-center\"><strong><a href=\"https:\/\/chat.whatsapp.com\/KWkTmakY3I05kNdd2oZl6d\"><em>\u00daNETE A NUESTRO GRUPO DE WHATSAPP PARA ESTAR INFORMADO<\/em><\/a><\/strong><\/p>\n\n\n<div class=\"wp-block-image\">\n<figure class=\"aligncenter size-large\"><img fetchpriority=\"high\" decoding=\"async\" width=\"796\" height=\"1024\" src=\"https:\/\/esreviral.com\/wp-content\/uploads\/2025\/11\/WhatsApp-Image-2025-11-05-at-6.56.50-PM-1-796x1024.jpeg\" alt=\"\" class=\"wp-image-83200\" srcset=\"https:\/\/esreviral.com\/wp-content\/uploads\/2025\/11\/WhatsApp-Image-2025-11-05-at-6.56.50-PM-1-796x1024.jpeg 796w, https:\/\/esreviral.com\/wp-content\/uploads\/2025\/11\/WhatsApp-Image-2025-11-05-at-6.56.50-PM-1-233x300.jpeg 233w, https:\/\/esreviral.com\/wp-content\/uploads\/2025\/11\/WhatsApp-Image-2025-11-05-at-6.56.50-PM-1-768x988.jpeg 768w, https:\/\/esreviral.com\/wp-content\/uploads\/2025\/11\/WhatsApp-Image-2025-11-05-at-6.56.50-PM-1.jpeg 995w\" sizes=\"(max-width: 796px) 100vw, 796px\" \/><\/figure><\/div>\n\n\n<p><\/p>\n\n\n\n<p>La jornada busca <strong>garantizar el acceso a la salud integral<\/strong> de las comunidades migrantes, refugiadas y solicitantes de asilo que residen en C\u00f3rdoba, brindando atenci\u00f3n m\u00e9dica gratuita y acompa\u00f1amiento profesional en distintas especialidades.<\/p>\n\n\n\n<p><strong><mark style=\"background-color:rgba(0, 0, 0, 0)\" class=\"has-inline-color has-vivid-red-color\">Entre los servicios disponibles se ofrecer\u00e1n:<\/mark><\/strong><\/p>\n\n\n\n<ul class=\"wp-block-list\">\n<li><strong>Ginecolog\u00eda<\/strong>, con toma de PAP, colposcop\u00eda y entrega de resultados.<\/li>\n\n\n\n<li><strong>Pediatr\u00eda.<\/strong><\/li>\n\n\n\n<li><strong>Medicina cl\u00ednica.<\/strong><\/li>\n\n\n\n<li><strong>Vacunatorio.<\/strong><\/li>\n<\/ul>\n\n\n\n<p><\/p>\n\n\n\n<p>Desde la organizaci\u00f3n destacaron que la actividad forma parte de un esfuerzo conjunto entre instituciones de salud, organizaciones sociales y redes comunitarias para <strong>promover el derecho a la salud sin discriminaci\u00f3n<\/strong>.<\/p>\n\n\n\n<p class=\"has-text-align-center\"><em><strong><em><strong><em><strong><em><strong><a href=\"https:\/\/t.me\/esreviral\">\u00daNETE A NUESTRO CANAL DE TELEGRAM PARA ESTAR INFORMADO<\/a><\/strong><\/em><\/strong><\/em><\/strong><\/em><\/strong><\/em><\/p>\n\n\n\n<p>.<\/p>\n\n\n<div class=\"wp-block-image\">\n<figure class=\"aligncenter size-large\"><img decoding=\"async\" width=\"796\" height=\"1024\" src=\"https:\/\/esreviral.com\/wp-content\/uploads\/2025\/11\/WhatsApp-Image-2025-11-05-at-6.56.50-PM-796x1024.jpeg\" alt=\"\" class=\"wp-image-83201\" srcset=\"https:\/\/esreviral.com\/wp-content\/uploads\/2025\/11\/WhatsApp-Image-2025-11-05-at-6.56.50-PM-796x1024.jpeg 796w, https:\/\/esreviral.com\/wp-content\/uploads\/2025\/11\/WhatsApp-Image-2025-11-05-at-6.56.50-PM-233x300.jpeg 233w, https:\/\/esreviral.com\/wp-content\/uploads\/2025\/11\/WhatsApp-Image-2025-11-05-at-6.56.50-PM-768x988.jpeg 768w, https:\/\/esreviral.com\/wp-content\/uploads\/2025\/11\/WhatsApp-Image-2025-11-05-at-6.56.50-PM.jpeg 995w\" sizes=\"(max-width: 796px) 100vw, 796px\" \/><\/figure><\/div>\n\n\n<p><\/p>\n\n\n\n<p>Las personas interesadas en participar deber\u00e1n <strong>completar previamente un formulario de inscripci\u00f3n<\/strong>. En caso de requerir atenci\u00f3n en m\u00e1s de una especialidad, <strong><a href=\"https:\/\/forms.gle\/961TY4hb2Xq8jr849\" data-type=\"link\" data-id=\"https:\/\/forms.gle\/961TY4hb2Xq8jr849\">deber\u00e1n completar un formulario por cada \u00e1rea m\u00e9dica solicitada dando click aqu\u00ed<\/a><\/strong>.<\/p>\n\n\n\n<blockquote class=\"wp-block-quote is-layout-flow wp-block-quote-is-layout-flow\">\n<p class=\"has-text-align-center\"><strong>La atenci\u00f3n ser\u00e1 realizada en orden de llegada.<\/strong><\/p>\n<\/blockquote>\n\n\n\n<p><\/p>\n","protected":false},"excerpt":{"rendered":"<p>C\u00f3rdoba ser\u00e1 sede de la 1\u00aa Jornada de Salud para poblaci\u00f3n migrante y refugiada, una iniciativa conjunta entre la Cruz Roja Argentina y organizaciones sociales que busca garantizar el acceso gratuito a servicios m\u00e9dicos como ginecolog\u00eda, pediatr\u00eda, medicina cl\u00ednica y vacunatorio, promoviendo el derecho a la salud sin discriminaci\u00f3n.<\/p>\n","protected":false},"author":3,"featured_media":83218,"comment_status":"closed","ping_status":"closed","sticky":false,"template":"","format":"standard","meta":{"jnews-multi-image_gallery":[],"jnews_single_post":{"format":"standard"},"jnews_primary_category":[],"jnews_social_meta":[],"jnews_review":[],"enable_review":"","type":"","name":"","summary":"","brand":"","sku":"","good":[],"bad":[],"score_override":"","override_value":"","rating":[],"price":[],"jnews_override_counter":[],"jnews_post_split":[],"footnotes":""},"categories":[43,84],"tags":[898,8136,37401,45,19412],"class_list":["post-83199","post","type-post","status-publish","format-standard","has-post-thumbnail","hentry","category-actualidad","category-salud","tag-cordoba","tag-cruz-roja-argentina","tag-jornada-de-salud","tag-noticias","tag-salud-integral"],"amp_enabled":true,"_links":{"self":[{"href":"https:\/\/esreviral.com\/index.php?rest_route=\/wp\/v2\/posts\/83199"}],"collection":[{"href":"https:\/\/esreviral.com\/index.php?rest_route=\/wp\/v2\/posts"}],"about":[{"href":"https:\/\/esreviral.com\/index.php?rest_route=\/wp\/v2\/types\/post"}],"author":[{"embeddable":true,"href":"https:\/\/esreviral.com\/index.php?rest_route=\/wp\/v2\/users\/3"}],"replies":[{"embeddable":true,"href":"https:\/\/esreviral.com\/index.php?rest_route=%2Fwp%2Fv2%2Fcomments&post=83199"}],"version-history":[{"count":4,"href":"https:\/\/esreviral.com\/index.php?rest_route=\/wp\/v2\/posts\/83199\/revisions"}],"predecessor-version":[{"id":83221,"href":"https:\/\/esreviral.com\/index.php?rest_route=\/wp\/v2\/posts\/83199\/revisions\/83221"}],"wp:featuredmedia":[{"embeddable":true,"href":"https:\/\/esreviral.com\/index.php?rest_route=\/wp\/v2\/media\/83218"}],"wp:attachment":[{"href":"https:\/\/esreviral.com\/index.php?rest_route=%2Fwp%2Fv2%2Fmedia&parent=83199"}],"wp:term":[{"taxonomy":"category","embeddable":true,"href":"https:\/\/esreviral.com\/index.php?rest_route=%2Fwp%2Fv2%2Fcategories&post=83199"},{"taxonomy":"post_tag","embeddable":true,"href":"https:\/\/esreviral.com\/index.php?rest_route=%2Fwp%2Fv2%2Ftags&post=83199"}],"curies":[{"name":"wp","href":"https:\/\/api.w.org\/{rel}","templated":true}]}}