{"id":8314,"date":"2021-07-13T18:51:51","date_gmt":"2021-07-13T21:51:51","guid":{"rendered":"http:\/\/esreviral.com\/?p=8314"},"modified":"2021-07-13T18:51:51","modified_gmt":"2021-07-13T21:51:51","slug":"hasta-ahora-no-hay-asignacion-de-vuelos-de-repatriacion-hacia-argentina","status":"publish","type":"post","link":"https:\/\/esreviral.com\/?p=8314","title":{"rendered":"Hasta ahora no hay asignaci\u00f3n de vuelos de repatriaci\u00f3n hacia Argentina"},"content":{"rendered":"\n<p><em><strong>Carlos Iv\u00e1n Su\u00e1rez.-<\/strong><\/em> Una fuente de la canciller\u00eda venezolana en Caracas, revel\u00f3 a <strong><em>ES REVIRAL<\/em><\/strong>, que <strong>por ahora no hay asignaci\u00f3n de vuelos de repatriaci\u00f3n para Argentina.<\/strong> La informaci\u00f3n surgi\u00f3 tras la consulta realizada debido a las m\u00e1s de 500 personas que aspiran retornar. <\/p>\n\n\n\n<p>En menos de un mes, los venezolanos han realizado al menos cuatro protestas entre la embajada de Buenos Aires y la canciller\u00eda de Argentina, y aunque han sido recibidos, no han tenido una respuesta satisfactoria. <strong>Este jueves volver\u00edan a protestar en la Casa Rosada a fin de entregar una carta al presidente Alberto Fern\u00e1ndez. <\/strong><\/p>\n\n\n\n<p>Seg\u00fan, quienes ingresaron a la \u00faltima reuni\u00f3n con la c\u00f3nsul Katiusca Maestre, les habr\u00eda informado que<a href=\"https:\/\/esreviral.com\/2021\/07\/08\/vuelos-humanitarios-daran-prioridad-a-quienes-no-tengan-boletos\/\"> la prioridad ser\u00eda para quienes no tengan boletos.  <\/a><\/p>\n\n\n\n<p>Sin embargo, por ahora no estar\u00eda programado ning\u00fan vuelo, \u00abes muy dif\u00edcil porque actualmente en el pa\u00eds se est\u00e1 complicando la situaci\u00f3n por la pandemia, aunque no es imposible\u00bb, reiter\u00f3 la fuente, quien adem\u00e1s record\u00f3 que de realizarse el vuelo, las personas deben pagar las tasas aeroportuarias y al llegar a Venezuela, los hoteles dispuestos o en su defecto los centros centinela. <\/p>\n","protected":false},"excerpt":{"rendered":"<p>Carlos Iv\u00e1n Su\u00e1rez.- Una fuente de la canciller\u00eda venezolana en Caracas, revel\u00f3 a ES REVIRAL, que por ahora no hay asignaci\u00f3n de vuelos de repatriaci\u00f3n para Argentina. La informaci\u00f3n surgi\u00f3 tras la consulta realizada debido a las m\u00e1s de 500 personas que aspiran retornar. En menos de un mes, los venezolanos han realizado al menos [&hellip;]<\/p>\n","protected":false},"author":2,"featured_media":8315,"comment_status":"open","ping_status":"open","sticky":false,"template":"","format":"standard","meta":{"jnews-multi-image_gallery":[],"jnews_single_post":[],"jnews_primary_category":[],"jnews_social_meta":[],"jnews_review":[],"enable_review":"","type":"","name":"","summary":"","brand":"","sku":"","good":[],"bad":[],"score_override":"","override_value":"","rating":[],"price":[],"jnews_override_counter":[],"jnews_post_split":[],"footnotes":""},"categories":[54],"tags":[45,107,67,46],"class_list":["post-8314","post","type-post","status-publish","format-standard","has-post-thumbnail","hentry","category-inmigracion","tag-noticias","tag-repatriacion","tag-venezolanos-en-argentina","tag-vuelos"],"amp_enabled":true,"_links":{"self":[{"href":"https:\/\/esreviral.com\/index.php?rest_route=\/wp\/v2\/posts\/8314"}],"collection":[{"href":"https:\/\/esreviral.com\/index.php?rest_route=\/wp\/v2\/posts"}],"about":[{"href":"https:\/\/esreviral.com\/index.php?rest_route=\/wp\/v2\/types\/post"}],"author":[{"embeddable":true,"href":"https:\/\/esreviral.com\/index.php?rest_route=\/wp\/v2\/users\/2"}],"replies":[{"embeddable":true,"href":"https:\/\/esreviral.com\/index.php?rest_route=%2Fwp%2Fv2%2Fcomments&post=8314"}],"version-history":[{"count":0,"href":"https:\/\/esreviral.com\/index.php?rest_route=\/wp\/v2\/posts\/8314\/revisions"}],"wp:featuredmedia":[{"embeddable":true,"href":"https:\/\/esreviral.com\/index.php?rest_route=\/"}],"wp:attachment":[{"href":"https:\/\/esreviral.com\/index.php?rest_route=%2Fwp%2Fv2%2Fmedia&parent=8314"}],"wp:term":[{"taxonomy":"category","embeddable":true,"href":"https:\/\/esreviral.com\/index.php?rest_route=%2Fwp%2Fv2%2Fcategories&post=8314"},{"taxonomy":"post_tag","embeddable":true,"href":"https:\/\/esreviral.com\/index.php?rest_route=%2Fwp%2Fv2%2Ftags&post=8314"}],"curies":[{"name":"wp","href":"https:\/\/api.w.org\/{rel}","templated":true}]}}