{"id":83138,"date":"2025-11-05T06:51:23","date_gmt":"2025-11-05T11:51:23","guid":{"rendered":"https:\/\/esreviral.com\/?p=83138"},"modified":"2025-11-05T06:51:24","modified_gmt":"2025-11-05T11:51:24","slug":"indignacion-hombre-fue-arrestado-por-abusar-sexualmente-de-una-perra","status":"publish","type":"post","link":"https:\/\/esreviral.com\/?p=83138","title":{"rendered":"Indignaci\u00f3n: Hombre fue arrestado por abusar sexualmente de una perra"},"content":{"rendered":"\n<p>Funcionarios del Servicio de Protecci\u00f3n Animal detuvieron a un hombre en el municipio Libertador del <strong>estado M\u00e9rida<\/strong>, Venezuela, <strong>acusado de abusar sexualmente de una perra de raza pastor alem\u00e1n.<\/strong><\/p>\n\n\n\n<p>Seg\u00fan inform\u00f3 <em>El Regional del Zulia<\/em>, la aprehensi\u00f3n ocurri\u00f3 luego de que una ciudadana denunciara ante las autoridades que su mascota hab\u00eda sido v\u00edctima de abuso. Tras la denuncia, especialistas del Senamef realizaron una valoraci\u00f3n forense veterinaria que confirm\u00f3 lesiones compatibles con maltrato y abuso.<\/p>\n\n\n\n<p>El hombre fue detenido en su lugar de trabajo y trasladado al C.C.P. Libertador, donde qued\u00f3 a disposici\u00f3n del Ministerio P\u00fablico por violar la Ley de Protecci\u00f3n de la Fauna Dom\u00e9stica.<\/p>\n\n\n\n<p class=\"has-text-align-center\"><strong><a href=\"https:\/\/chat.whatsapp.com\/KWkTmakY3I05kNdd2oZl6d\"><em>\u00daNETE A NUESTRO GRUPO DE WHATSAPP PARA ESTAR INFORMADO<\/em><\/a><\/strong><\/p>\n\n\n\n<p class=\"has-text-align-center\"><em><strong><em><strong><em><strong><em><strong><a href=\"https:\/\/t.me\/esreviral\">\u00daNETE A NUESTRO CANAL DE TELEGRAM PARA ESTAR INFORMADO<\/a><\/strong><\/em><\/strong><\/em><\/strong><\/em><\/strong><\/em><\/p>\n\n\n\n<p class=\"has-text-align-right\"><strong><em>Con Informaci\u00f3n de elnacional.com.-<\/em><\/strong><\/p>\n","protected":false},"excerpt":{"rendered":"<p>Verificada la situaci\u00f3n, se constat\u00f3 que el animal presentaba lesiones compatibles con maltrato y abuso, confirmadas por valoraci\u00f3n forense veterinaria del Senamef<\/p>\n","protected":false},"author":3,"featured_media":83139,"comment_status":"closed","ping_status":"closed","sticky":false,"template":"","format":"standard","meta":{"jnews-multi-image_gallery":[],"jnews_single_post":{"format":"standard"},"jnews_primary_category":[],"jnews_social_meta":[],"jnews_review":[],"enable_review":"","type":"","name":"","summary":"","brand":"","sku":"","good":[],"bad":[],"score_override":"","override_value":"","rating":[],"price":[],"jnews_override_counter":[],"jnews_post_split":[],"footnotes":""},"categories":[64,66],"tags":[16193,37367,1078,182,45,37366,37365,56],"class_list":["post-83138","post","type-post","status-publish","format-standard","has-post-thumbnail","hentry","category-sucesos","category-venezuela","tag-abusar-sexualmente","tag-estado-merida","tag-merida","tag-ministerio-publico","tag-noticias","tag-pastor-aleman","tag-servicio-de-proteccion-animal","tag-venezuela"],"amp_enabled":true,"_links":{"self":[{"href":"https:\/\/esreviral.com\/index.php?rest_route=\/wp\/v2\/posts\/83138"}],"collection":[{"href":"https:\/\/esreviral.com\/index.php?rest_route=\/wp\/v2\/posts"}],"about":[{"href":"https:\/\/esreviral.com\/index.php?rest_route=\/wp\/v2\/types\/post"}],"author":[{"embeddable":true,"href":"https:\/\/esreviral.com\/index.php?rest_route=\/wp\/v2\/users\/3"}],"replies":[{"embeddable":true,"href":"https:\/\/esreviral.com\/index.php?rest_route=%2Fwp%2Fv2%2Fcomments&post=83138"}],"version-history":[{"count":1,"href":"https:\/\/esreviral.com\/index.php?rest_route=\/wp\/v2\/posts\/83138\/revisions"}],"predecessor-version":[{"id":83140,"href":"https:\/\/esreviral.com\/index.php?rest_route=\/wp\/v2\/posts\/83138\/revisions\/83140"}],"wp:featuredmedia":[{"embeddable":true,"href":"https:\/\/esreviral.com\/index.php?rest_route=\/wp\/v2\/media\/83139"}],"wp:attachment":[{"href":"https:\/\/esreviral.com\/index.php?rest_route=%2Fwp%2Fv2%2Fmedia&parent=83138"}],"wp:term":[{"taxonomy":"category","embeddable":true,"href":"https:\/\/esreviral.com\/index.php?rest_route=%2Fwp%2Fv2%2Fcategories&post=83138"},{"taxonomy":"post_tag","embeddable":true,"href":"https:\/\/esreviral.com\/index.php?rest_route=%2Fwp%2Fv2%2Ftags&post=83138"}],"curies":[{"name":"wp","href":"https:\/\/api.w.org\/{rel}","templated":true}]}}