{"id":83120,"date":"2025-11-04T16:29:02","date_gmt":"2025-11-04T21:29:02","guid":{"rendered":"https:\/\/esreviral.com\/?p=83120"},"modified":"2025-11-04T16:29:03","modified_gmt":"2025-11-04T21:29:03","slug":"expolicia-abatio-a-un-ladron-que-intento-asaltarlo-tras-retirar-una-fuerte-suma-de-dinero","status":"publish","type":"post","link":"https:\/\/esreviral.com\/?p=83120","title":{"rendered":"Expolic\u00eda abati\u00f3 a un ladr\u00f3n que intent\u00f3 asaltarlo tras retirar una fuerte suma de dinero"},"content":{"rendered":"\n<p><strong>Un polic\u00eda retirado de la Polic\u00eda Federal Argentina (PFA) mat\u00f3 este martes a un presunto delincuente que intent\u00f3 asaltarlo en el barrio porte\u00f1o de N\u00fa\u00f1ez.<\/strong> El hecho ocurri\u00f3 cuando dos hombres armados, que se desplazaban en una moto, interceptaron al exefectivo y a un amigo<strong> para robarles el dinero que hab\u00edan retirado minutos antes de una financiera en el microcentro de Buenos Aires.<\/strong><\/p>\n\n\n\n<p>De acuerdo con las primeras investigaciones, las c\u00e1maras de seguridad confirmaron que los asaltantes siguieron a las v\u00edctimas desde la zona de Corrientes y Reconquista hasta la esquina de Cuba e Iber\u00e1, en N\u00fa\u00f1ez. Ambos delincuentes vest\u00edan ropa oscura y se movilizaban en una moto KTM Duke.<\/p>\n\n\n\n<p>En el intento de robo, uno de los asaltantes rompi\u00f3 la ventanilla del acompa\u00f1ante para acceder al interior del veh\u00edculo. <strong>En ese momento, el expolic\u00eda sac\u00f3 su arma y dispar\u00f3, provoc\u00e1ndole la muerte inmediata a uno de los agresores. El otro logr\u00f3 escapar a bordo de la motocicleta.<\/strong><\/p>\n\n\n\n<p class=\"has-text-align-center\"><strong><a href=\"https:\/\/chat.whatsapp.com\/KWkTmakY3I05kNdd2oZl6d\"><em>\u00daNETE A NUESTRO GRUPO DE WHATSAPP PARA ESTAR INFORMADO<\/em><\/a><\/strong><\/p>\n\n\n<div class=\"wp-block-image\">\n<figure class=\"aligncenter size-large\"><img fetchpriority=\"high\" decoding=\"async\" width=\"883\" height=\"1024\" src=\"https:\/\/esreviral.com\/wp-content\/uploads\/2025\/11\/AnyConv.com__WhatsApp-Image-2025-11-04-at-6.13.16-PM-1-883x1024.webp\" alt=\"\" class=\"wp-image-83121\" srcset=\"https:\/\/esreviral.com\/wp-content\/uploads\/2025\/11\/AnyConv.com__WhatsApp-Image-2025-11-04-at-6.13.16-PM-1-883x1024.webp 883w, https:\/\/esreviral.com\/wp-content\/uploads\/2025\/11\/AnyConv.com__WhatsApp-Image-2025-11-04-at-6.13.16-PM-1-259x300.webp 259w, https:\/\/esreviral.com\/wp-content\/uploads\/2025\/11\/AnyConv.com__WhatsApp-Image-2025-11-04-at-6.13.16-PM-1-768x890.webp 768w, https:\/\/esreviral.com\/wp-content\/uploads\/2025\/11\/AnyConv.com__WhatsApp-Image-2025-11-04-at-6.13.16-PM-1.webp 1320w\" sizes=\"(max-width: 883px) 100vw, 883px\" \/><figcaption class=\"wp-element-caption\">N\u00fa\u00f1ez: el ladr\u00f3n abatido por un polic\u00eda retirado<\/figcaption><\/figure>\n<\/div>\n\n\n<p><\/p>\n\n\n\n<p>A las 12:48, un llamado al 911 alert\u00f3 a las autoridades sobre un hombre herido de bala en la misma intersecci\u00f3n. Al llegar, efectivos de la Comisar\u00eda Vecinal 13B confirmaron el fallecimiento del presunto ladr\u00f3n.<\/p>\n\n\n\n<p class=\"has-text-align-center\"><em><strong><em><strong><em><strong><em><strong><a href=\"https:\/\/t.me\/esreviral\">\u00daNETE A NUESTRO CANAL DE TELEGRAM PARA ESTAR INFORMADO<\/a><\/strong><\/em><\/strong><\/em><\/strong><\/em><\/strong><\/em><\/p>\n\n\n\n<p>El polic\u00eda retirado result\u00f3 ileso y fue trasladado, junto a su acompa\u00f1ante, a la dependencia policial para rendir declaraci\u00f3n. Por disposici\u00f3n del Juzgado Nacional en lo Criminal y Correccional N\u00b0 39, el exefectivo qued\u00f3 detenido mientras avanza la investigaci\u00f3n para determinar las circunstancias exactas del tiroteo.<\/p>\n\n\n\n<p class=\"has-text-align-right\"><strong><em>Con Informaci\u00f3n de LN.-<\/em><\/strong><\/p>\n","protected":false},"excerpt":{"rendered":"<p>El exefectivo ven\u00eda con un amigo de una financiera en el microcentro; dos delincuentes los persiguieron hasta Cuba e Iber\u00e1 y los interceptaron<\/p>\n","protected":false},"author":3,"featured_media":83122,"comment_status":"closed","ping_status":"closed","sticky":false,"template":"","format":"standard","meta":{"jnews-multi-image_gallery":[],"jnews_single_post":{"format":"standard"},"jnews_primary_category":[],"jnews_social_meta":[],"jnews_review":[],"enable_review":"","type":"","name":"","summary":"","brand":"","sku":"","good":[],"bad":[],"score_override":"","override_value":"","rating":[],"price":[],"jnews_override_counter":[],"jnews_post_split":[],"footnotes":""},"categories":[58,64],"tags":[44,1167,45,793,7428],"class_list":["post-83120","post","type-post","status-publish","format-standard","has-post-thumbnail","hentry","category-argentina","category-sucesos","tag-argentina","tag-delincuente","tag-noticias","tag-nunez","tag-policia-federal-argentina-2"],"_links":{"self":[{"href":"https:\/\/esreviral.com\/index.php?rest_route=\/wp\/v2\/posts\/83120","targetHints":{"allow":["GET"]}}],"collection":[{"href":"https:\/\/esreviral.com\/index.php?rest_route=\/wp\/v2\/posts"}],"about":[{"href":"https:\/\/esreviral.com\/index.php?rest_route=\/wp\/v2\/types\/post"}],"author":[{"embeddable":true,"href":"https:\/\/esreviral.com\/index.php?rest_route=\/wp\/v2\/users\/3"}],"replies":[{"embeddable":true,"href":"https:\/\/esreviral.com\/index.php?rest_route=%2Fwp%2Fv2%2Fcomments&post=83120"}],"version-history":[{"count":1,"href":"https:\/\/esreviral.com\/index.php?rest_route=\/wp\/v2\/posts\/83120\/revisions"}],"predecessor-version":[{"id":83123,"href":"https:\/\/esreviral.com\/index.php?rest_route=\/wp\/v2\/posts\/83120\/revisions\/83123"}],"wp:featuredmedia":[{"embeddable":true,"href":"https:\/\/esreviral.com\/index.php?rest_route=\/wp\/v2\/media\/83122"}],"wp:attachment":[{"href":"https:\/\/esreviral.com\/index.php?rest_route=%2Fwp%2Fv2%2Fmedia&parent=83120"}],"wp:term":[{"taxonomy":"category","embeddable":true,"href":"https:\/\/esreviral.com\/index.php?rest_route=%2Fwp%2Fv2%2Fcategories&post=83120"},{"taxonomy":"post_tag","embeddable":true,"href":"https:\/\/esreviral.com\/index.php?rest_route=%2Fwp%2Fv2%2Ftags&post=83120"}],"curies":[{"name":"wp","href":"https:\/\/api.w.org\/{rel}","templated":true}]}}