{"id":83096,"date":"2025-11-08T08:40:58","date_gmt":"2025-11-08T13:40:58","guid":{"rendered":"https:\/\/esreviral.com\/?p=83096"},"modified":"2025-11-08T08:44:26","modified_gmt":"2025-11-08T13:44:26","slug":"por-que-las-ventanas-de-los-autobuses-tienen-esos-pequenos-puntos-negros","status":"publish","type":"post","link":"https:\/\/esreviral.com\/?p=83096","title":{"rendered":"Por qu\u00e9 las ventanas de los autobuses tienen esos peque\u00f1os puntos negros"},"content":{"rendered":"\n<p>Si alguna vez viajaste en autob\u00fas, probablemente notaste que en las ventanas, especialmente cerca de los marcos, hay una fila de peque\u00f1os puntos negros.<\/p>\n\n\n\n<p>Aunque muchos piensan que son solo un detalle decorativo, en realidad cumplen una funci\u00f3n clave para la <strong>seguridad y durabilidad del veh\u00edculo<\/strong>.<\/p>\n\n\n\n<p class=\"has-text-align-center\"><strong><a href=\"https:\/\/chat.whatsapp.com\/KWkTmakY3I05kNdd2oZl6d\"><em>\u00daNETE A NUESTRO GRUPO DE WHATSAPP PARA ESTAR INFORMADO<\/em><\/a><\/strong><\/p>\n\n\n<div class=\"wp-block-image\">\n<figure class=\"aligncenter size-large\"><img decoding=\"async\" src=\"https:\/\/tn.com.ar\/resizer\/v2\/conoce-para-que-sirven-los-puntos-negros-que-tienen-todos-los-vidrios-de-este-medio-de-transporte-imagen-ilustrativa-generada-con-ia-I6S5T6PFM5GCREX65XY6PP477I.jpg?auth=fdee9ced0e3659e574b75c180425f1d428dfdd9003d99de181acc1c79118e589&amp;width=1440\" alt=\"\"\/><figcaption class=\"wp-element-caption\">Conoce para qu\u00e9 sirven los puntos negros que tienen todos los vidrios de este medio de transporte<\/figcaption><\/figure><\/div>\n\n\n<h3 class=\"wp-block-heading\"><strong><mark style=\"background-color:rgba(0, 0, 0, 0)\" class=\"has-inline-color has-vivid-red-color\">\u00bfPara qu\u00e9 sirven los puntos negros?<\/mark><\/strong><\/h3>\n\n\n\n<p>El objetivo principal de estos puntos es <strong>evitar que el vidrio se agriete o rompa<\/strong> debido a los cambios de temperatura.<\/p>\n\n\n\n<p>Cuando el autob\u00fas est\u00e1 expuesto al sol, el marco met\u00e1lico de la ventana se calienta mucho m\u00e1s r\u00e1pido que el centro del vidrio. Esa diferencia t\u00e9rmica genera tensiones que pueden da\u00f1arlo. Los puntos negros funcionan como una <strong>barrera t\u00e9rmica<\/strong>, ayudando a distribuir el calor de manera uniforme y protegiendo los bordes del cristal.<\/p>\n\n\n\n<p>Adem\u00e1s, estos puntos tambi\u00e9n <strong>mejoran la fijaci\u00f3n del vidrio al marco<\/strong>. El \u00e1rea punteada crea una superficie m\u00e1s rugosa, lo que permite que el adhesivo se adhiera con mayor eficacia y asegura que la ventana quede m\u00e1s firme y estable durante el viaje.<\/p>\n\n\n\n<p>Lejos de ser un simple elemento est\u00e9tico, los puntos negros reflejan un dise\u00f1o funcional pensado para <strong>proteger tanto la estructura del veh\u00edculo como la seguridad de los pasajeros<\/strong>.<\/p>\n\n\n\n<p class=\"has-text-align-center\"><em><strong><em><strong><em><strong><em><strong><a href=\"https:\/\/t.me\/esreviral\">\u00daNETE A NUESTRO CANAL DE TELEGRAM PARA ESTAR INFORMADO<\/a><\/strong><\/em><\/strong><\/em><\/strong><\/em><\/strong><\/em><\/p>\n\n\n\n<p>La pr\u00f3xima vez que los observes, record\u00e1 que cumplen un papel esencial: <strong>prevenir roturas del vidrio y garantizar un viaje m\u00e1s seguro<\/strong>.<\/p>\n\n\n\n<p class=\"has-text-align-right\"><strong><em>Con Informaci\u00f3n de TN.-<\/em><\/strong><\/p>\n","protected":false},"excerpt":{"rendered":"<p>Conoce la funci\u00f3n real de esos peque\u00f1os puntos y c\u00f3mo ayudan a la seguridad de los pasajeros.<\/p>\n","protected":false},"author":3,"featured_media":83097,"comment_status":"closed","ping_status":"closed","sticky":false,"template":"","format":"standard","meta":{"jnews-multi-image_gallery":[],"jnews_single_post":{"format":"standard"},"jnews_primary_category":[],"jnews_social_meta":[],"jnews_review":[],"enable_review":"","type":"","name":"","summary":"","brand":"","sku":"","good":[],"bad":[],"score_override":"","override_value":"","rating":[],"price":[],"jnews_override_counter":[],"jnews_post_split":[],"footnotes":""},"categories":[43],"tags":[2571,2143,45,37335,37336],"class_list":["post-83096","post","type-post","status-publish","format-standard","has-post-thumbnail","hentry","category-actualidad","tag-autobus-2","tag-colectivos","tag-noticias","tag-punto-negro","tag-ventanas"],"amp_enabled":true,"_links":{"self":[{"href":"https:\/\/esreviral.com\/index.php?rest_route=\/wp\/v2\/posts\/83096"}],"collection":[{"href":"https:\/\/esreviral.com\/index.php?rest_route=\/wp\/v2\/posts"}],"about":[{"href":"https:\/\/esreviral.com\/index.php?rest_route=\/wp\/v2\/types\/post"}],"author":[{"embeddable":true,"href":"https:\/\/esreviral.com\/index.php?rest_route=\/wp\/v2\/users\/3"}],"replies":[{"embeddable":true,"href":"https:\/\/esreviral.com\/index.php?rest_route=%2Fwp%2Fv2%2Fcomments&post=83096"}],"version-history":[{"count":1,"href":"https:\/\/esreviral.com\/index.php?rest_route=\/wp\/v2\/posts\/83096\/revisions"}],"predecessor-version":[{"id":83098,"href":"https:\/\/esreviral.com\/index.php?rest_route=\/wp\/v2\/posts\/83096\/revisions\/83098"}],"wp:featuredmedia":[{"embeddable":true,"href":"https:\/\/esreviral.com\/index.php?rest_route=\/wp\/v2\/media\/83097"}],"wp:attachment":[{"href":"https:\/\/esreviral.com\/index.php?rest_route=%2Fwp%2Fv2%2Fmedia&parent=83096"}],"wp:term":[{"taxonomy":"category","embeddable":true,"href":"https:\/\/esreviral.com\/index.php?rest_route=%2Fwp%2Fv2%2Fcategories&post=83096"},{"taxonomy":"post_tag","embeddable":true,"href":"https:\/\/esreviral.com\/index.php?rest_route=%2Fwp%2Fv2%2Ftags&post=83096"}],"curies":[{"name":"wp","href":"https:\/\/api.w.org\/{rel}","templated":true}]}}