{"id":8296,"date":"2021-07-13T17:06:03","date_gmt":"2021-07-13T20:06:03","guid":{"rendered":"http:\/\/esreviral.com\/?p=8296"},"modified":"2021-07-13T17:06:03","modified_gmt":"2021-07-13T20:06:03","slug":"axel-kicillof-anuncio-la-vacunacion-libre-contra-el-covid-19-para-los-mayores-de-35-anos","status":"publish","type":"post","link":"https:\/\/esreviral.com\/?p=8296","title":{"rendered":"Axel Kicillof anunci\u00f3 la vacunaci\u00f3n libre contra el Covid-19 para los mayores de 35 a\u00f1os"},"content":{"rendered":"\n<p>A partir de este mi\u00e9rcoles se comenzar\u00e1\u00a0a vacunar contra el\u00a0<strong>coronavirus<\/strong>\u00a0a los bonaerenses\u00a0<strong>mayores de 35 a\u00f1os sin necesidad de inscripci\u00f3n previa,<\/strong>\u00a0en tanto, que realizar\u00e1 el viernes y s\u00e1bado de esta semana una nueva jornada de inoculaci\u00f3n comunitaria, con postas itinerantes y casa por casa.<\/p>\n\n\n\n<p>As\u00ed lo anunci\u00f3 el gobernador bonaerense\u00a0<strong>Axel Kicillof\u00a0<\/strong>en el marco de una conferencia de prensa que ofreci\u00f3 en La Plata, acompa\u00f1ado por el ministro de Salud,\u00a0<strong>Daniel Gollan<\/strong>, y el jefe de Gabinete,\u00a0<strong>Carlos Bianco.<\/strong><\/p>\n\n\n\n<p>En ese marco, el mandatario agreg\u00f3 un tercer anuncio importante en el marco del plan de vacunaci\u00f3n:<strong>&nbsp;69 de los 135 municipios de la provincia ya completaron la vacunaci\u00f3n<\/strong>&nbsp;con una dosis, de todos los inscriptos.<\/p>\n\n\n\n<p>En la rueda de prensa, Kicillof precis\u00f3 que<em>\u00a0\u00abya son 69 en toda la provincia las ciudades protegidas, donde vacunamos al 95 por ciento de los inscriptos\u00bb.<\/em><\/p>\n\n\n\n<p class=\"has-text-align-right\"><strong><em>Cr\u00f3nica.-<\/em><\/strong><\/p>\n","protected":false},"excerpt":{"rendered":"<p>A partir de este mi\u00e9rcoles se comenzar\u00e1\u00a0a vacunar contra el\u00a0coronavirus\u00a0a los bonaerenses\u00a0mayores de 35 a\u00f1os sin necesidad de inscripci\u00f3n previa,\u00a0en tanto, que realizar\u00e1 el viernes y s\u00e1bado de esta semana una nueva jornada de inoculaci\u00f3n comunitaria, con postas itinerantes y casa por casa. As\u00ed lo anunci\u00f3 el gobernador bonaerense\u00a0Axel Kicillof\u00a0en el marco de una conferencia [&hellip;]<\/p>\n","protected":false},"author":2,"featured_media":8297,"comment_status":"open","ping_status":"open","sticky":false,"template":"","format":"standard","meta":{"jnews-multi-image_gallery":[],"jnews_single_post":[],"jnews_primary_category":[],"jnews_social_meta":[],"jnews_review":[],"enable_review":"","type":"","name":"","summary":"","brand":"","sku":"","good":[],"bad":[],"score_override":"","override_value":"","rating":[],"price":[],"jnews_override_counter":[],"jnews_post_split":[],"footnotes":""},"categories":[43,76],"tags":[888,45,578],"class_list":["post-8296","post","type-post","status-publish","format-standard","has-post-thumbnail","hentry","category-actualidad","category-coronavirus","tag-axel-kicillof","tag-noticias","tag-vacunas"],"amp_enabled":true,"_links":{"self":[{"href":"https:\/\/esreviral.com\/index.php?rest_route=\/wp\/v2\/posts\/8296"}],"collection":[{"href":"https:\/\/esreviral.com\/index.php?rest_route=\/wp\/v2\/posts"}],"about":[{"href":"https:\/\/esreviral.com\/index.php?rest_route=\/wp\/v2\/types\/post"}],"author":[{"embeddable":true,"href":"https:\/\/esreviral.com\/index.php?rest_route=\/wp\/v2\/users\/2"}],"replies":[{"embeddable":true,"href":"https:\/\/esreviral.com\/index.php?rest_route=%2Fwp%2Fv2%2Fcomments&post=8296"}],"version-history":[{"count":0,"href":"https:\/\/esreviral.com\/index.php?rest_route=\/wp\/v2\/posts\/8296\/revisions"}],"wp:featuredmedia":[{"embeddable":true,"href":"https:\/\/esreviral.com\/index.php?rest_route=\/"}],"wp:attachment":[{"href":"https:\/\/esreviral.com\/index.php?rest_route=%2Fwp%2Fv2%2Fmedia&parent=8296"}],"wp:term":[{"taxonomy":"category","embeddable":true,"href":"https:\/\/esreviral.com\/index.php?rest_route=%2Fwp%2Fv2%2Fcategories&post=8296"},{"taxonomy":"post_tag","embeddable":true,"href":"https:\/\/esreviral.com\/index.php?rest_route=%2Fwp%2Fv2%2Ftags&post=8296"}],"curies":[{"name":"wp","href":"https:\/\/api.w.org\/{rel}","templated":true}]}}