{"id":829,"date":"2020-10-22T16:05:01","date_gmt":"2020-10-22T16:05:01","guid":{"rendered":"http:\/\/esreviral.com\/?p=829"},"modified":"2020-10-22T16:05:01","modified_gmt":"2020-10-22T16:05:01","slug":"inocencia-el-nuevo-tema-de-geo-primera","status":"publish","type":"post","link":"https:\/\/esreviral.com\/?p=829","title":{"rendered":"Inocencia el nuevo tema de Geo Primera"},"content":{"rendered":"\n<p>Este 6 de noviembre es el estreno oficial de Inocencia, en su cuenta oficial de instagram @soygeoprimera.\u00a0<\/p>\n\n\n\n<p>Geo recientemente fue apadrinado por el reconocido cantante colombiano<strong> <\/strong>Pipe Calder\u00f3n con quien lanz\u00f3 un tema llamado<strong> <\/strong>Cu\u00e9ntame<\/p>\n\n\n\n<p>Geo es un joven cantante y productor musical venezolano,\u00a0empez\u00f3 a hacer m\u00fasica a una edad temprana (a los 7 a\u00f1os). Tras actuar en diversos espect\u00e1culos musicales en su ciudad natal durante toda su ni\u00f1ez.\u00a0<\/p>\n\n\n\n<p>&nbsp;Hoy en d\u00eda reside en la ciudad de Panam\u00e1, pa\u00eds que le ha dado grandes oportunidades para el crecimiento de su carrera.&nbsp;<\/p>\n\n\n\n<p>Con metas como ganar premios importantes\u00a0y conquistar el mundo entero con su talento\u00a0Geo se lanza al mercado con un nuevo promocional, titulado\u00a0Inocencia\u00a0un tema de su autor\u00eda.\u00a0<\/p>\n\n\n\n<figure class=\"wp-block-embed-youtube wp-block-embed is-type-video is-provider-youtube wp-embed-aspect-16-9 wp-has-aspect-ratio\"><div class=\"wp-block-embed__wrapper\">\n<div class=\"jeg_video_container jeg_video_content\"><iframe title=\"PRETTY GIRL ACOUSTIC VERSI\u00d3N X GEO PRIMERA\" width=\"500\" height=\"281\" src=\"https:\/\/www.youtube.com\/embed\/GAat9g-K4Zw?feature=oembed\" frameborder=\"0\" allow=\"accelerometer; autoplay; clipboard-write; encrypted-media; gyroscope; picture-in-picture; web-share\" referrerpolicy=\"strict-origin-when-cross-origin\" allowfullscreen><\/iframe><\/div>\n<\/div><\/figure>\n\n\n\n<p>Geo\u00a0es un joven cantante y productor musical venezolano, que trae como\u00a0propuesta \u00a0el pop fusionado con g\u00e9neros urbanos,\u00a0Geo\u00a0empez\u00f3 a hacer m\u00fasica a una edad temprana (a los 7 a\u00f1os). Tras actuar en diversos espect\u00e1culos musicales en su ciudad natal durante toda su ni\u00f1ez, decidi\u00f3 seguir una carrera musical\u00a0y a principios del a\u00f1o 2011 form\u00f3 parte de una agrupaci\u00f3n llamada \u201cGEOS\u201d dicha agrupaci\u00f3n en la cual fue el fundador y tuvo la oportunidad de dar sus primeros pasos como artista y recibir as\u00ed reconocimientos a su trabajo como el premio\u00a0Balanc\u00edn de oro\u00a0como\u00a0Agrupaci\u00f3n juvenil de revelaci\u00f3n del a\u00f1o en Venezuela.\u00a0Adem\u00e1s de tener la oportunidad de compartir escenarios con grandes artistas reconocidos como: Servando y florentino, chino y nacho, V\u00edctor Mu\u00f1oz, la s\u00faper banda de Venezuela Guaco, entre otros.<\/p>\n\n\n\n<p>Con metas como ganar premios importantes&nbsp;y conquistar el mundo e<\/p>\n","protected":false},"excerpt":{"rendered":"<p>Geo es un joven cantante y productor musical venezolano, que trae como propuesta  el pop fusionado con g\u00e9neros urbanos, Geo empez\u00f3 a hacer m\u00fasica a una edad temprana (a los 7 a\u00f1os)<\/p>\n","protected":false},"author":2,"featured_media":830,"comment_status":"open","ping_status":"open","sticky":false,"template":"","format":"standard","meta":{"jnews-multi-image_gallery":[],"jnews_single_post":[],"jnews_primary_category":[],"jnews_social_meta":[],"jnews_review":[],"enable_review":"","type":"","name":"","summary":"","brand":"","sku":"","good":[],"bad":[],"score_override":"","override_value":"","rating":[],"price":[],"jnews_override_counter":[],"jnews_post_split":[],"footnotes":""},"categories":[50],"tags":[51,45,67],"class_list":["post-829","post","type-post","status-publish","format-standard","has-post-thumbnail","hentry","category-entretenimiento","tag-entretenimiento","tag-noticias","tag-venezolanos-en-argentina"],"amp_enabled":true,"_links":{"self":[{"href":"https:\/\/esreviral.com\/index.php?rest_route=\/wp\/v2\/posts\/829"}],"collection":[{"href":"https:\/\/esreviral.com\/index.php?rest_route=\/wp\/v2\/posts"}],"about":[{"href":"https:\/\/esreviral.com\/index.php?rest_route=\/wp\/v2\/types\/post"}],"author":[{"embeddable":true,"href":"https:\/\/esreviral.com\/index.php?rest_route=\/wp\/v2\/users\/2"}],"replies":[{"embeddable":true,"href":"https:\/\/esreviral.com\/index.php?rest_route=%2Fwp%2Fv2%2Fcomments&post=829"}],"version-history":[{"count":0,"href":"https:\/\/esreviral.com\/index.php?rest_route=\/wp\/v2\/posts\/829\/revisions"}],"wp:featuredmedia":[{"embeddable":true,"href":"https:\/\/esreviral.com\/index.php?rest_route=\/"}],"wp:attachment":[{"href":"https:\/\/esreviral.com\/index.php?rest_route=%2Fwp%2Fv2%2Fmedia&parent=829"}],"wp:term":[{"taxonomy":"category","embeddable":true,"href":"https:\/\/esreviral.com\/index.php?rest_route=%2Fwp%2Fv2%2Fcategories&post=829"},{"taxonomy":"post_tag","embeddable":true,"href":"https:\/\/esreviral.com\/index.php?rest_route=%2Fwp%2Fv2%2Ftags&post=829"}],"curies":[{"name":"wp","href":"https:\/\/api.w.org\/{rel}","templated":true}]}}