{"id":8284,"date":"2021-07-12T19:52:45","date_gmt":"2021-07-12T22:52:45","guid":{"rendered":"http:\/\/esreviral.com\/?p=8284"},"modified":"2021-07-12T19:52:45","modified_gmt":"2021-07-12T22:52:45","slug":"alberto-fernandez-sobre-cuba-terminemos-con-los-bloqueos-le-estan-hacen-haciendo-dano-tambien-a-venezuela","status":"publish","type":"post","link":"https:\/\/esreviral.com\/?p=8284","title":{"rendered":"Alberto Fern\u00e1ndez sobre Cuba: \u00abTerminemos con los bloqueos, le est\u00e1n hacen haciendo da\u00f1o tambi\u00e9n a Venezuela\u00bb"},"content":{"rendered":"\n<p>Alberto Fern\u00e1ndez habl\u00f3 por primera vez de la represi\u00f3n que est\u00e1 sufriendo el pueblo de Cuba, pero evit\u00f3 condenar los hechos de violencia y sostuvo que son cuestiones que se deben resolver internamente:&nbsp;<mark><strong>\u201cNo debe haber intervenci\u00f3n de terceros pa\u00edses\u201d.<\/strong><\/mark><\/p>\n\n\n\n<p>En primer lugar, el Presidente volvi\u00f3 a hacer hincapi\u00e9 en la necesidad de levantar los bloqueos econ\u00f3micos, especialmente a la isla: \u201cEn las dos reuniones que tuve en el G20, que las hicimos virtualmente, ped\u00ed por favor que se terminen los bloqueos en el mundo. Porque cuando a un pa\u00eds lo bloquean, lo que hacen es bloquear a una sociedad. El que padece no es un gobierno, es la sociedad.\u00a0<strong>No conozco exactamente la dimensi\u00f3n del problema en Cuba, lo que tengo claro, como dijo Manuel L\u00f3pez Obrador, es que si realmente nos preocupa lo que pasa, terminemos con los bloqueos, le est\u00e1n haciendo un da\u00f1o incalculable y tambi\u00e9n a Venezuela.<\/strong>\u00a0Si realmente nos preocupa tanto la vida de los venezolanos, terminemos con los bloqueos. No hay nada m\u00e1s inhumano en una pandemia que bloquear econ\u00f3micamente a un pa\u00eds\u201d.<\/p>\n\n\n\n<p class=\"has-text-align-right\"><strong><em>Infobae.-<\/em><\/strong><\/p>\n","protected":false},"excerpt":{"rendered":"<p>Alberto Fern\u00e1ndez habl\u00f3 por primera vez de la represi\u00f3n que est\u00e1 sufriendo el pueblo de Cuba, pero evit\u00f3 condenar los hechos de violencia y sostuvo que son cuestiones que se deben resolver internamente:&nbsp;\u201cNo debe haber intervenci\u00f3n de terceros pa\u00edses\u201d. En primer lugar, el Presidente volvi\u00f3 a hacer hincapi\u00e9 en la necesidad de levantar los bloqueos [&hellip;]<\/p>\n","protected":false},"author":2,"featured_media":8285,"comment_status":"open","ping_status":"open","sticky":false,"template":"","format":"standard","meta":{"jnews-multi-image_gallery":[],"jnews_single_post":[],"jnews_primary_category":[],"jnews_social_meta":[],"jnews_review":[],"enable_review":"","type":"","name":"","summary":"","brand":"","sku":"","good":[],"bad":[],"score_override":"","override_value":"","rating":[],"price":[],"jnews_override_counter":[],"jnews_post_split":[],"footnotes":""},"categories":[58,59],"tags":[86,957,45],"class_list":["post-8284","post","type-post","status-publish","format-standard","has-post-thumbnail","hentry","category-argentina","category-politica","tag-alberto-fernandez","tag-cuba","tag-noticias"],"amp_enabled":true,"_links":{"self":[{"href":"https:\/\/esreviral.com\/index.php?rest_route=\/wp\/v2\/posts\/8284"}],"collection":[{"href":"https:\/\/esreviral.com\/index.php?rest_route=\/wp\/v2\/posts"}],"about":[{"href":"https:\/\/esreviral.com\/index.php?rest_route=\/wp\/v2\/types\/post"}],"author":[{"embeddable":true,"href":"https:\/\/esreviral.com\/index.php?rest_route=\/wp\/v2\/users\/2"}],"replies":[{"embeddable":true,"href":"https:\/\/esreviral.com\/index.php?rest_route=%2Fwp%2Fv2%2Fcomments&post=8284"}],"version-history":[{"count":0,"href":"https:\/\/esreviral.com\/index.php?rest_route=\/wp\/v2\/posts\/8284\/revisions"}],"wp:featuredmedia":[{"embeddable":true,"href":"https:\/\/esreviral.com\/index.php?rest_route=\/"}],"wp:attachment":[{"href":"https:\/\/esreviral.com\/index.php?rest_route=%2Fwp%2Fv2%2Fmedia&parent=8284"}],"wp:term":[{"taxonomy":"category","embeddable":true,"href":"https:\/\/esreviral.com\/index.php?rest_route=%2Fwp%2Fv2%2Fcategories&post=8284"},{"taxonomy":"post_tag","embeddable":true,"href":"https:\/\/esreviral.com\/index.php?rest_route=%2Fwp%2Fv2%2Ftags&post=8284"}],"curies":[{"name":"wp","href":"https:\/\/api.w.org\/{rel}","templated":true}]}}