{"id":8281,"date":"2021-07-12T19:48:59","date_gmt":"2021-07-12T22:48:59","guid":{"rendered":"http:\/\/esreviral.com\/?p=8281"},"modified":"2021-07-12T19:48:59","modified_gmt":"2021-07-12T22:48:59","slug":"la-policia-de-la-ciudad-detuvo-a-un-ladron-de-celulares-en-el-subte-video","status":"publish","type":"post","link":"https:\/\/esreviral.com\/?p=8281","title":{"rendered":"La Polic\u00eda de la Ciudad detuvo a un ladr\u00f3n de celulares en el Subte (+VIDEO)"},"content":{"rendered":"\n<p>Personal de la Divisi\u00f3n Subtes de las l\u00edneas A y B escuch\u00f3 el pedido de ayuda de una mujer de 65 a\u00f1os en la estaci\u00f3n Primera Junta, tras haber sufrido el robo de su dispositivo electr\u00f3nico.<\/p>\n\n\n\n<p><br>Siguiendo las descripciones brindadas, los efectivos, en cooperaci\u00f3n con efectivos de la Comisar\u00eda Vecinal 6 B, lograron detener al ladr\u00f3n cuando intentaba darse a la fuga de la estaci\u00f3n.<\/p>\n\n\n\n<p><br>Intervinieron el Juzgado Nacional en lo Criminal y Correccional N\u00famero 51, a cargo de la doctora Graciela Angulo, y la Fiscal\u00eda Criminal y Correccional 60 del doctor Ariel Yapur, y se dispuso la detenci\u00f3n del joven y su traslado a la Alcaid\u00eda de la Comisar\u00eda Vecinal 6 B.<\/p>\n\n\n\n<figure class=\"wp-block-embed-youtube wp-block-embed is-type-video is-provider-youtube wp-embed-aspect-16-9 wp-has-aspect-ratio\"><div class=\"wp-block-embed__wrapper\">\n<div class=\"jeg_video_container jeg_video_content\"><iframe title=\"2021 07 06 Ladr\u00f3n de celulares en Subte A\" width=\"500\" height=\"281\" src=\"https:\/\/www.youtube.com\/embed\/g23aZ4vRd1E?feature=oembed\" frameborder=\"0\" allow=\"accelerometer; autoplay; clipboard-write; encrypted-media; gyroscope; picture-in-picture; web-share\" referrerpolicy=\"strict-origin-when-cross-origin\" allowfullscreen><\/iframe><\/div>\n<\/div><\/figure>\n","protected":false},"excerpt":{"rendered":"<p>a Polic\u00eda de la Ciudad detuvo en las \u00faltimas horas a un delincuente de 22 a\u00f1os que le hab\u00eda robado un tel\u00e9fono celular a una mujer en la estaci\u00f3n Primera Junta de la L\u00ednea A del Subte<\/p>\n","protected":false},"author":2,"featured_media":8282,"comment_status":"open","ping_status":"open","sticky":false,"template":"","format":"standard","meta":{"jnews-multi-image_gallery":[],"jnews_single_post":[],"jnews_primary_category":[],"jnews_social_meta":[],"jnews_review":[],"enable_review":"","type":"","name":"","summary":"","brand":"","sku":"","good":[],"bad":[],"score_override":"","override_value":"","rating":[],"price":[],"jnews_override_counter":[],"jnews_post_split":[],"footnotes":""},"categories":[64],"tags":[393,45],"class_list":["post-8281","post","type-post","status-publish","format-standard","has-post-thumbnail","hentry","category-sucesos","tag-detencion","tag-noticias"],"amp_enabled":true,"_links":{"self":[{"href":"https:\/\/esreviral.com\/index.php?rest_route=\/wp\/v2\/posts\/8281"}],"collection":[{"href":"https:\/\/esreviral.com\/index.php?rest_route=\/wp\/v2\/posts"}],"about":[{"href":"https:\/\/esreviral.com\/index.php?rest_route=\/wp\/v2\/types\/post"}],"author":[{"embeddable":true,"href":"https:\/\/esreviral.com\/index.php?rest_route=\/wp\/v2\/users\/2"}],"replies":[{"embeddable":true,"href":"https:\/\/esreviral.com\/index.php?rest_route=%2Fwp%2Fv2%2Fcomments&post=8281"}],"version-history":[{"count":0,"href":"https:\/\/esreviral.com\/index.php?rest_route=\/wp\/v2\/posts\/8281\/revisions"}],"wp:featuredmedia":[{"embeddable":true,"href":"https:\/\/esreviral.com\/index.php?rest_route=\/"}],"wp:attachment":[{"href":"https:\/\/esreviral.com\/index.php?rest_route=%2Fwp%2Fv2%2Fmedia&parent=8281"}],"wp:term":[{"taxonomy":"category","embeddable":true,"href":"https:\/\/esreviral.com\/index.php?rest_route=%2Fwp%2Fv2%2Fcategories&post=8281"},{"taxonomy":"post_tag","embeddable":true,"href":"https:\/\/esreviral.com\/index.php?rest_route=%2Fwp%2Fv2%2Ftags&post=8281"}],"curies":[{"name":"wp","href":"https:\/\/api.w.org\/{rel}","templated":true}]}}