{"id":82789,"date":"2025-10-28T08:29:34","date_gmt":"2025-10-28T13:29:34","guid":{"rendered":"https:\/\/esreviral.com\/?p=82789"},"modified":"2025-10-28T08:29:35","modified_gmt":"2025-10-28T13:29:35","slug":"tres-venezolanos-detenidos-tras-persecucion-con-tiroteo-uno-resulto-herido","status":"publish","type":"post","link":"https:\/\/esreviral.com\/?p=82789","title":{"rendered":"Tres venezolanos detenidos tras persecuci\u00f3n con tiroteo: uno result\u00f3 herido"},"content":{"rendered":"\n<p>Una persecuci\u00f3n policial en <strong>Renca<\/strong>, comuna ubicada al<strong> norte de Santiago de Chile<\/strong>, termin\u00f3 con <strong>tres ciudadanos venezolanos detenidos<\/strong>, uno de ellos herido de bala, luego de huir de un control y<strong> atacar a tiros a Carabineros<\/strong>.<\/p>\n\n\n\n<p>El hecho comenz\u00f3 cuando los uniformados patrullaban el sector de <strong>pasaje Mehu\u00edn con Los Atacame\u00f1os<\/strong> y <strong>detectaron un veh\u00edculo sin luces encendidas.<\/strong> Al intentar fiscalizarlo, los ocupantes escaparon a toda velocidad, inici\u00e1ndose una persecuci\u00f3n que se extendi\u00f3 por varias cuadras.<\/p>\n\n\n\n<p class=\"has-text-align-center\"><strong><a href=\"https:\/\/chat.whatsapp.com\/KWkTmakY3I05kNdd2oZl6d\"><em>\u00daNETE A NUESTRO GRUPO DE WHATSAPP PARA ESTAR INFORMADO<\/em><\/a><\/strong><\/p>\n\n\n\n<p>Durante la huida, <strong>uno de los sospechosos dispar\u00f3 directamente contra los funcionarios<\/strong>, lo que provoc\u00f3 la respuesta policial. La persecuci\u00f3n culmin\u00f3 <strong>a un costado de la autopista General Vel\u00e1zquez<\/strong>, donde los implicados abandonaron el auto \u2014<strong>que ten\u00eda encargo por robo con violencia<\/strong>\u2014 e intentaron escapar a pie.<\/p>\n\n\n\n<p>Tres de los cinco ocupantes fueron capturados: todos <strong>venezolanos en situaci\u00f3n migratoria irregular<\/strong>, dos de 26 a\u00f1os de edad y uno de 28 a\u00f1os de edad,<strong> quien result\u00f3 herido por arma de fuego y fue trasladado a un centro asistencial.<\/strong><\/p>\n\n\n\n<p>En el veh\u00edculo recuperado se hall\u00f3 <strong>una pistola y otras especies<\/strong> que ser\u00e1n periciadas por las autoridades como parte de la investigaci\u00f3n.<\/p>\n\n\n\n<p class=\"has-text-align-center\"><em><strong><em><strong><em><strong><em><strong><a href=\"https:\/\/t.me\/esreviral\">\u00daNETE A NUESTRO CANAL DE TELEGRAM PARA ESTAR INFORMADO<\/a><\/strong><\/em><\/strong><\/em><\/strong><\/em><\/strong><\/em><\/p>\n\n\n\n<p class=\"has-text-align-right\"><em style=\"\"><b>Con Informaci\u00f3n de 24horas.cl y <\/b><\/em><strong><em>adnradio.cl.-<\/em><\/strong><\/p>\n\n\n\n<p><\/p>\n","protected":false},"excerpt":{"rendered":"<p>El sujeto herido qued\u00f3 detenido con dos involucrados m\u00e1s que circulaban en un veh\u00edculo con encargo por robo.<\/p>\n","protected":false},"author":3,"featured_media":82790,"comment_status":"closed","ping_status":"closed","sticky":false,"template":"","format":"standard","meta":{"jnews-multi-image_gallery":[],"jnews_single_post":{"format":"standard"},"jnews_primary_category":[],"jnews_social_meta":[],"jnews_review":[],"enable_review":"","type":"","name":"","summary":"","brand":"","sku":"","good":[],"bad":[],"score_override":"","override_value":"","rating":[],"price":[],"jnews_override_counter":[],"jnews_post_split":[],"footnotes":""},"categories":[54,88,64],"tags":[37152,386,10974,45,17340,37153,739],"class_list":["post-82789","post","type-post","status-publish","format-standard","has-post-thumbnail","hentry","category-inmigracion","category-internacionales","category-sucesos","tag-carabineros-de-chile","tag-chile","tag-delincuencia","tag-noticias","tag-persecucion-policial","tag-renca","tag-venezolanos-en-chile"],"amp_enabled":true,"_links":{"self":[{"href":"https:\/\/esreviral.com\/index.php?rest_route=\/wp\/v2\/posts\/82789"}],"collection":[{"href":"https:\/\/esreviral.com\/index.php?rest_route=\/wp\/v2\/posts"}],"about":[{"href":"https:\/\/esreviral.com\/index.php?rest_route=\/wp\/v2\/types\/post"}],"author":[{"embeddable":true,"href":"https:\/\/esreviral.com\/index.php?rest_route=\/wp\/v2\/users\/3"}],"replies":[{"embeddable":true,"href":"https:\/\/esreviral.com\/index.php?rest_route=%2Fwp%2Fv2%2Fcomments&post=82789"}],"version-history":[{"count":1,"href":"https:\/\/esreviral.com\/index.php?rest_route=\/wp\/v2\/posts\/82789\/revisions"}],"predecessor-version":[{"id":82791,"href":"https:\/\/esreviral.com\/index.php?rest_route=\/wp\/v2\/posts\/82789\/revisions\/82791"}],"wp:featuredmedia":[{"embeddable":true,"href":"https:\/\/esreviral.com\/index.php?rest_route=\/wp\/v2\/media\/82790"}],"wp:attachment":[{"href":"https:\/\/esreviral.com\/index.php?rest_route=%2Fwp%2Fv2%2Fmedia&parent=82789"}],"wp:term":[{"taxonomy":"category","embeddable":true,"href":"https:\/\/esreviral.com\/index.php?rest_route=%2Fwp%2Fv2%2Fcategories&post=82789"},{"taxonomy":"post_tag","embeddable":true,"href":"https:\/\/esreviral.com\/index.php?rest_route=%2Fwp%2Fv2%2Ftags&post=82789"}],"curies":[{"name":"wp","href":"https:\/\/api.w.org\/{rel}","templated":true}]}}