{"id":8277,"date":"2021-07-12T19:45:41","date_gmt":"2021-07-12T22:45:41","guid":{"rendered":"http:\/\/esreviral.com\/?p=8277"},"modified":"2021-07-12T19:45:41","modified_gmt":"2021-07-12T22:45:41","slug":"saab-informa-que-detuvieron-a-guevara-por-vinculos-con-grupos-paramilitares-colombianos","status":"publish","type":"post","link":"https:\/\/esreviral.com\/?p=8277","title":{"rendered":"Saab informa que detuvieron a Guevara por v\u00ednculos \u00abcon grupos paramilitares colombianos\u00bb"},"content":{"rendered":"\n<p>El fiscal general del Ministerio P\u00fablico del r\u00e9gimen venezolano, Tarek William Saab, inform\u00f3 que la detenci\u00f3n de Freddy Guevara fue con una orden de aprehensi\u00f3n por \u00abvinculaci\u00f3n con grupos extremistas paramilitares del Gobierno de Colombia. <\/p>\n\n\n\n<p>Adelant\u00f3 que le imputar\u00e1n los delitos de terrorismo, atentado contra el orden constitucional, concierto para delinquir y traici\u00f3n a la patria.<\/p>\n\n\n\n<figure class=\"wp-block-image size-large\"><img decoding=\"async\" src=\"https:\/\/pbs.twimg.com\/media\/E6ITM-nXEAEeodq?format=jpg&amp;name=medium\" alt=\"\"\/><\/figure>\n","protected":false},"excerpt":{"rendered":"<p>El fiscal general del Ministerio P\u00fablico del r\u00e9gimen venezolano, Tarek William Saab, inform\u00f3 que la detenci\u00f3n de Freddy Guevara fue con una orden de aprehensi\u00f3n por \u00abvinculaci\u00f3n con grupos extremistas paramilitares del Gobierno de Colombia. Adelant\u00f3 que le imputar\u00e1n los delitos de terrorismo, atentado contra el orden constitucional, concierto para delinquir y traici\u00f3n a la [&hellip;]<\/p>\n","protected":false},"author":2,"featured_media":8279,"comment_status":"open","ping_status":"open","sticky":false,"template":"","format":"standard","meta":{"jnews-multi-image_gallery":[],"jnews_single_post":[],"jnews_primary_category":[],"jnews_social_meta":[],"jnews_review":[],"enable_review":"","type":"","name":"","summary":"","brand":"","sku":"","good":[],"bad":[],"score_override":"","override_value":"","rating":[],"price":[],"jnews_override_counter":[],"jnews_post_split":[],"footnotes":""},"categories":[66],"tags":[959,182,45],"class_list":["post-8277","post","type-post","status-publish","format-standard","has-post-thumbnail","hentry","category-venezuela","tag-freddy-guevara","tag-ministerio-publico","tag-noticias"],"amp_enabled":true,"_links":{"self":[{"href":"https:\/\/esreviral.com\/index.php?rest_route=\/wp\/v2\/posts\/8277"}],"collection":[{"href":"https:\/\/esreviral.com\/index.php?rest_route=\/wp\/v2\/posts"}],"about":[{"href":"https:\/\/esreviral.com\/index.php?rest_route=\/wp\/v2\/types\/post"}],"author":[{"embeddable":true,"href":"https:\/\/esreviral.com\/index.php?rest_route=\/wp\/v2\/users\/2"}],"replies":[{"embeddable":true,"href":"https:\/\/esreviral.com\/index.php?rest_route=%2Fwp%2Fv2%2Fcomments&post=8277"}],"version-history":[{"count":0,"href":"https:\/\/esreviral.com\/index.php?rest_route=\/wp\/v2\/posts\/8277\/revisions"}],"wp:featuredmedia":[{"embeddable":true,"href":"https:\/\/esreviral.com\/index.php?rest_route=\/"}],"wp:attachment":[{"href":"https:\/\/esreviral.com\/index.php?rest_route=%2Fwp%2Fv2%2Fmedia&parent=8277"}],"wp:term":[{"taxonomy":"category","embeddable":true,"href":"https:\/\/esreviral.com\/index.php?rest_route=%2Fwp%2Fv2%2Fcategories&post=8277"},{"taxonomy":"post_tag","embeddable":true,"href":"https:\/\/esreviral.com\/index.php?rest_route=%2Fwp%2Fv2%2Ftags&post=8277"}],"curies":[{"name":"wp","href":"https:\/\/api.w.org\/{rel}","templated":true}]}}