{"id":82747,"date":"2025-10-27T12:40:14","date_gmt":"2025-10-27T17:40:14","guid":{"rendered":"https:\/\/esreviral.com\/?p=82747"},"modified":"2025-10-27T12:45:50","modified_gmt":"2025-10-27T17:45:50","slug":"mau-y-ricky-hablaron-sin-filtros-sobre-lo-que-implica-llevar-el-apellido-montaner","status":"publish","type":"post","link":"https:\/\/esreviral.com\/?p=82747","title":{"rendered":"Mau y Ricky hablaron sin filtros sobre lo que implica llevar el apellido Montaner"},"content":{"rendered":"\n<p>En una charla \u00edntima con <strong>Dante Gebel<\/strong>, reconocido conductor y conferencista argentino, en <em>La divina noche<\/em> (El Trece), <strong>Mau y Ricky Montaner<\/strong> hablaron sin filtros sobre lo que significa construir una carrera bajo el peso \u2014y el privilegio\u2014 de un apellido tan reconocido en la m\u00fasica latina.<\/p>\n\n\n\n<p>Desde el primer momento, la complicidad entre los hermanos y el conductor, amigo cercano de <strong>Ricardo Montaner<\/strong>, marc\u00f3 el tono de la entrevista. Gebel fue directo: \u201c<strong><em>\u00bfNo sintieron el riesgo de ser \u2018los hijos de\u2019?\u201d<\/em><\/strong>. Ricky lo admiti\u00f3 sin rodeos: \u201c<strong><em>S\u00ed<\/em><\/strong>\u201d.<\/p>\n\n\n\n<p class=\"has-text-align-center\"><strong><a href=\"https:\/\/chat.whatsapp.com\/KWkTmakY3I05kNdd2oZl6d\"><em>\u00daNETE A NUESTRO GRUPO DE WHATSAPP PARA ESTAR INFORMADO<\/em><\/a><\/strong><\/p>\n\n\n<div class=\"wp-block-image\">\n<figure class=\"aligncenter size-large\"><img decoding=\"async\" src=\"https:\/\/www.infobae.com\/resizer\/v2\/SJCJJ32LXFAX5PSH377Z4H7KGQ.jpg?auth=3731510b6200c884ef282d8a2e129d1c17939947be20a4f17ca4720c1e7a7288&amp;smart=true&amp;width=992&amp;height=992&amp;quality=85\" alt=\"\"\/><figcaption class=\"wp-element-caption\">Mau y Ricky junto con su padre, Ricardo Montaner<\/figcaption><\/figure>\n<\/div>\n\n\n<p><\/p>\n\n\n\n<p>Mau profundiz\u00f3 en esa idea: <strong><em>\u201cDe chicos uno cree que tiene que separarse del nombre del padre para hacerse un lugar, pero hoy quiero que la gente me asocie con mi pap\u00e1 feliz de la vida. \u00c9l es un tipazo y un gran padre\u201d.<\/em><\/strong><\/p>\n\n\n\n<p>El conductor insisti\u00f3 en la mirada art\u00edstica, y Mau reconoci\u00f3 que es dif\u00edcil separar lo personal de lo profesional: \u201c<strong><em>Tenemos su timbre, su registro&#8230; pero tambi\u00e9n nuestro camino\u201d.<\/em><\/strong><\/p>\n\n\n\n<p>Ricky, por su parte, asegur\u00f3 que el apellido no los limit\u00f3, sino que los impuls\u00f3: \u201c<strong><em>Muchos se averg\u00fcenzan de la sombra y no avanzan. Nosotros lo usamos como gasolina. Nunca pretend\u00ed cantar como mi pap\u00e1; hacemos otra m\u00fasica, pero \u00e9l es uno de los mejores cantantes del mundo<\/em><\/strong>\u201d.<\/p>\n\n\n\n<p>La conversaci\u00f3n dej\u00f3 una reflexi\u00f3n que trasciende lo art\u00edstico: los Montaner encontraron su identidad en la herencia, transformando la comparaci\u00f3n en gratitud. \u201c<strong><em>Soy un afortunado de poder vivir de lo que amo\u201d<\/em><\/strong>, concluy\u00f3 Ricky, cerrando una noche de m\u00fasica, fe y familia.<\/p>\n\n\n\n<p class=\"has-text-align-center\"><em><strong><em><strong><em><strong><em><strong><a href=\"https:\/\/t.me\/esreviral\">\u00daNETE A NUESTRO CANAL DE TELEGRAM PARA ESTAR INFORMADO<\/a><\/strong><\/em><\/strong><\/em><\/strong><\/em><\/strong><\/em><\/p>\n\n\n\n<p class=\"has-text-align-right\"><strong><em>Con Informaci\u00f3n de Infobae.-<\/em><\/strong><\/p>\n","protected":false},"excerpt":{"rendered":"<p>Los cantantes abrieron su coraz\u00f3n junto a Dante Gebel para hablar del orgullo y la presi\u00f3n de pertenecer a una familia de artistas<\/p>\n","protected":false},"author":3,"featured_media":82748,"comment_status":"closed","ping_status":"closed","sticky":false,"template":"","format":"standard","meta":{"jnews-multi-image_gallery":[],"jnews_single_post":{"format":"standard"},"jnews_primary_category":[],"jnews_social_meta":[],"jnews_review":[],"enable_review":"","type":"","name":"","summary":"","brand":"","sku":"","good":[],"bad":[],"score_override":"","override_value":"","rating":[],"price":[],"jnews_override_counter":[],"jnews_post_split":[],"footnotes":""},"categories":[50],"tags":[241,45,203],"class_list":["post-82747","post","type-post","status-publish","format-standard","has-post-thumbnail","hentry","category-entretenimiento","tag-musica","tag-noticias","tag-ricardo-montaner"],"_links":{"self":[{"href":"https:\/\/esreviral.com\/index.php?rest_route=\/wp\/v2\/posts\/82747","targetHints":{"allow":["GET"]}}],"collection":[{"href":"https:\/\/esreviral.com\/index.php?rest_route=\/wp\/v2\/posts"}],"about":[{"href":"https:\/\/esreviral.com\/index.php?rest_route=\/wp\/v2\/types\/post"}],"author":[{"embeddable":true,"href":"https:\/\/esreviral.com\/index.php?rest_route=\/wp\/v2\/users\/3"}],"replies":[{"embeddable":true,"href":"https:\/\/esreviral.com\/index.php?rest_route=%2Fwp%2Fv2%2Fcomments&post=82747"}],"version-history":[{"count":2,"href":"https:\/\/esreviral.com\/index.php?rest_route=\/wp\/v2\/posts\/82747\/revisions"}],"predecessor-version":[{"id":82750,"href":"https:\/\/esreviral.com\/index.php?rest_route=\/wp\/v2\/posts\/82747\/revisions\/82750"}],"wp:featuredmedia":[{"embeddable":true,"href":"https:\/\/esreviral.com\/index.php?rest_route=\/wp\/v2\/media\/82748"}],"wp:attachment":[{"href":"https:\/\/esreviral.com\/index.php?rest_route=%2Fwp%2Fv2%2Fmedia&parent=82747"}],"wp:term":[{"taxonomy":"category","embeddable":true,"href":"https:\/\/esreviral.com\/index.php?rest_route=%2Fwp%2Fv2%2Fcategories&post=82747"},{"taxonomy":"post_tag","embeddable":true,"href":"https:\/\/esreviral.com\/index.php?rest_route=%2Fwp%2Fv2%2Ftags&post=82747"}],"curies":[{"name":"wp","href":"https:\/\/api.w.org\/{rel}","templated":true}]}}