{"id":82691,"date":"2025-10-24T14:16:27","date_gmt":"2025-10-24T19:16:27","guid":{"rendered":"https:\/\/esreviral.com\/?p=82691"},"modified":"2025-10-24T14:53:27","modified_gmt":"2025-10-24T19:53:27","slug":"estados-unidos-sanciono-al-presidente-petro-y-a-su-circulo-cercano-por-presuntos-vinculos-con-el-narcotrafico","status":"publish","type":"post","link":"https:\/\/esreviral.com\/?p=82691","title":{"rendered":"Estados Unidos sancion\u00f3 al presidente Petro y a su c\u00edrculo cercano\u00a0por presuntos v\u00ednculos con el narcotr\u00e1fico"},"content":{"rendered":"\n<p>El Gobierno de Estados Unidos <strong>incluy\u00f3 este viernes<\/strong> al presidente de Colombia, <strong>Gustavo Petro<\/strong>, en la <strong>Lista Clinton<\/strong> \u2014administrada por la Oficina de Control de Activos Extranjeros (OFAC) del Departamento del Tesoro\u2014, junto con su esposa, <strong>Ver\u00f3nica Alcocer<\/strong>; su hijo mayor, <strong>Nicol\u00e1s Petro Burgos<\/strong>; y el ministro del Interior, <strong>Armando Benedetti<\/strong>.<\/p>\n\n\n\n<p>La medida se enmarca en la orden ejecutiva <strong>EO14059<\/strong>, que establece sanciones contra personas vinculadas con el narcotr\u00e1fico. En el caso de<strong> Nicol\u00e1s Petro, ya enfrenta en Colombia investigaciones por presunto lavado de dinero y enriquecimiento il\u00edcito.<\/strong><\/p>\n\n\n\n<p class=\"has-text-align-center\"><strong><a href=\"https:\/\/chat.whatsapp.com\/KWkTmakY3I05kNdd2oZl6d\"><em>\u00daNETE A NUESTRO GRUPO DE WHATSAPP PARA ESTAR INFORMADO<\/em><\/a><\/strong><\/p>\n\n\n\n<p class=\"has-text-align-center\"><\/p>\n\n\n<div class=\"wp-block-image\">\n<figure class=\"aligncenter size-large\"><img decoding=\"async\" src=\"https:\/\/sandia.datanubex.uk\/wp-content\/uploads\/2025\/10\/descarga-2025-10-24T150221.208.jpg\" alt=\"\"\/><\/figure><\/div>\n\n\n<p><\/p>\n\n\n\n<p>El propio mandatario confirm\u00f3 la sanci\u00f3n en su cuenta oficial de X, donde afirm\u00f3 que se trata del cumplimiento de una \u201camenaza\u201d de <strong>Bernie Moreno<\/strong>, aliado del presidente estadounidense <strong>Donald Trump<\/strong>. Adem\u00e1s, anunci\u00f3 que su abogado en Estados Unidos ser\u00e1 <strong>Dany Kovalik<\/strong>.<\/p>\n\n\n\n<p>\ud83d\udde3\ufe0f <em>\u201cEfectivamente, la amenaza de Bernie Moreno se cumpli\u00f3: mi esposa, mis hijos y yo entramos a la lista OFAC. Luchar contra el narcotr\u00e1fico durante d\u00e9cadas me trae esta medida del gobierno de la sociedad que tanto ayudamos a detener su consumo de coca\u00edna. Toda una paradoja, pero ni un paso atr\u00e1s y jam\u00e1s de rodillas\u201d<\/em>, escribi\u00f3 Petro.<\/p>\n\n\n\n<p class=\"has-text-align-center\"><\/p>\n\n\n\n<figure class=\"wp-block-image size-large\"><img decoding=\"async\" src=\"https:\/\/www.infobae.com\/resizer\/v2\/X2LEYNHOTZD2RAFEY2C6A43IQQ.png?auth=9e01d16ac27522bd8d0ed8db417e73c39b75db09236b72a52673931645a34408&amp;smart=true&amp;width=992&amp;height=569&amp;quality=85\" alt=\"\"\/><\/figure>\n\n\n\n<p><\/p>\n\n\n\n<h3 class=\"wp-block-heading\"><strong><mark style=\"background-color:rgba(0, 0, 0, 0)\" class=\"has-inline-color has-vivid-red-color\">\u00bfQu\u00e9 implica estar en la Lista Clinton?<\/mark><\/strong><\/h3>\n\n\n\n<p>La inclusi\u00f3n en la lista OFAC <strong>congela todos los activos<\/strong> que los sancionados puedan tener bajo jurisdicci\u00f3n estadounidense y <strong>proh\u00edbe<\/strong> que ciudadanos y empresas de Estados Unidos mantengan relaciones financieras o comerciales con ellos. Su efecto es global, ya que bancos internacionales tambi\u00e9n se ven obligados a acatar las restricciones para evitar sanciones secundarias.<\/p>\n\n\n\n<p>Creada en 1995, la llamada Lista Clinton apunta a <strong>afectar la estructura econ\u00f3mica<\/strong> de individuos y organizaciones extranjeras relacionadas con el narcotr\u00e1fico, mediante el bloqueo de bienes, la prohibici\u00f3n de movimientos financieros y restricciones migratorias.<\/p>\n\n\n\n<h3 class=\"wp-block-heading\"><strong><mark style=\"background-color:rgba(0, 0, 0, 0)\" class=\"has-inline-color has-vivid-red-color\">Contexto pol\u00edtico tenso<\/mark><\/strong><\/h3>\n\n\n\n<p>La decisi\u00f3n llega en medio de fuertes fricciones diplom\u00e1ticas. Trump ha acusado p\u00fablicamente a Petro de ser un <em>\u201cl\u00edder del narcotr\u00e1fico\u201d<\/em>, mientras que el secretario del Tesoro, <strong>Scott Bessent<\/strong>, asegur\u00f3 que la producci\u00f3n de coca\u00edna en Colombia ha alcanzado <strong>niveles r\u00e9cord<\/strong> bajo su administraci\u00f3n.<\/p>\n\n\n\n<p>Benedetti, cercano al presidente colombiano, ha acompa\u00f1ado p\u00fablicamente las cr\u00edticas de Petro hacia Trump en las \u00faltimas semanas.<\/p>\n\n\n\n<p><\/p>\n\n\n\n<p class=\"has-text-align-center\"><em><strong><em><strong><em><strong><em><strong><a href=\"https:\/\/t.me\/esreviral\">\u00daNETE A NUESTRO CANAL DE TELEGRAM PARA ESTAR INFORMADO<\/a><\/strong><\/em><\/strong><\/em><\/strong><\/em><\/strong><\/em><\/p>\n\n\n\n<p class=\"has-text-align-right\"><strong><em>Con Informaci\u00f3n de Infobae.-<\/em><\/strong><\/p>\n\n\n\n<p><\/p>\n","protected":false},"excerpt":{"rendered":"<p>Tambi\u00e9n est\u00e1 su esposa Ver\u00f3nica Alcocer, su hijo Nicol\u00e1s Petro y el ministro del Interior, Armando Benedetti.<\/p>\n","protected":false},"author":3,"featured_media":79580,"comment_status":"closed","ping_status":"closed","sticky":false,"template":"","format":"standard","meta":{"jnews-multi-image_gallery":[],"jnews_single_post":{"format":"standard"},"jnews_primary_category":[],"jnews_social_meta":[],"jnews_review":[],"enable_review":"","type":"","name":"","summary":"","brand":"","sku":"","good":[],"bad":[],"score_override":"","override_value":"","rating":[],"price":[],"jnews_override_counter":[],"jnews_post_split":[],"footnotes":""},"categories":[88,59],"tags":[3976,2088,7359,1549,37093,1255,45,26289,35317,37094],"class_list":["post-82691","post","type-post","status-publish","format-standard","has-post-thumbnail","hentry","category-internacionales","category-politica","tag-armando-benedetti","tag-donald-trump","tag-gobierno-estadounidense","tag-gustavo-petro","tag-lista-clinton","tag-narcotrafico","tag-noticias","tag-ofac","tag-oficina-de-control-de-activos-extranjeros","tag-veronica-alcocer"],"amp_enabled":true,"_links":{"self":[{"href":"https:\/\/esreviral.com\/index.php?rest_route=\/wp\/v2\/posts\/82691"}],"collection":[{"href":"https:\/\/esreviral.com\/index.php?rest_route=\/wp\/v2\/posts"}],"about":[{"href":"https:\/\/esreviral.com\/index.php?rest_route=\/wp\/v2\/types\/post"}],"author":[{"embeddable":true,"href":"https:\/\/esreviral.com\/index.php?rest_route=\/wp\/v2\/users\/3"}],"replies":[{"embeddable":true,"href":"https:\/\/esreviral.com\/index.php?rest_route=%2Fwp%2Fv2%2Fcomments&post=82691"}],"version-history":[{"count":7,"href":"https:\/\/esreviral.com\/index.php?rest_route=\/wp\/v2\/posts\/82691\/revisions"}],"predecessor-version":[{"id":82701,"href":"https:\/\/esreviral.com\/index.php?rest_route=\/wp\/v2\/posts\/82691\/revisions\/82701"}],"wp:featuredmedia":[{"embeddable":true,"href":"https:\/\/esreviral.com\/index.php?rest_route=\/wp\/v2\/media\/79580"}],"wp:attachment":[{"href":"https:\/\/esreviral.com\/index.php?rest_route=%2Fwp%2Fv2%2Fmedia&parent=82691"}],"wp:term":[{"taxonomy":"category","embeddable":true,"href":"https:\/\/esreviral.com\/index.php?rest_route=%2Fwp%2Fv2%2Fcategories&post=82691"},{"taxonomy":"post_tag","embeddable":true,"href":"https:\/\/esreviral.com\/index.php?rest_route=%2Fwp%2Fv2%2Ftags&post=82691"}],"curies":[{"name":"wp","href":"https:\/\/api.w.org\/{rel}","templated":true}]}}