{"id":82645,"date":"2025-11-01T10:33:47","date_gmt":"2025-11-01T15:33:47","guid":{"rendered":"https:\/\/esreviral.com\/?p=82645"},"modified":"2025-11-01T10:33:48","modified_gmt":"2025-11-01T15:33:48","slug":"ultimo-fin-de-semana-largo-del-ano-cuando-sera-y-que-se-conmemora","status":"publish","type":"post","link":"https:\/\/esreviral.com\/?p=82645","title":{"rendered":"\u00daltimo fin de semana largo del a\u00f1o: cu\u00e1ndo ser\u00e1 y qu\u00e9 se conmemora"},"content":{"rendered":"\n<p>El mes de <strong>noviembre traer\u00e1 el \u00faltimo fin de semana largo de cuatro d\u00edas del 2025<\/strong>, una oportunidad ideal para descansar o hacer una escapada antes de fin de a\u00f1o.<\/p>\n\n\n\n<p>Seg\u00fan el <strong>calendario oficial de feriados<\/strong> publicado por el Gobierno, el descanso estar\u00e1 conformado por:<\/p>\n\n\n\n<ul class=\"wp-block-list\">\n<li><strong>Viernes 21 de noviembre:<\/strong> d\u00eda no laborable con fines tur\u00edsticos.<\/li>\n\n\n\n<li><strong>S\u00e1bado 22 y domingo 23 de noviembre:<\/strong> fin de semana habitual.<\/li>\n\n\n\n<li><strong>Lunes 24 de noviembre:<\/strong> feriado nacional por el <strong>D\u00eda de la Soberan\u00eda Nacional<\/strong> (trasladado del jueves 20).<\/li>\n<\/ul>\n\n\n\n<p><\/p>\n\n\n\n<p>Este ser\u00e1 el <strong>\u00faltimo feriado puente del a\u00f1o<\/strong>, ya que los otros dos d\u00edas no laborables con fines tur\u00edsticos se otorgaron en mayo y agosto.<\/p>\n\n\n\n<p class=\"has-text-align-center\"><strong><a href=\"https:\/\/chat.whatsapp.com\/KWkTmakY3I05kNdd2oZl6d\"><em>\u00daNETE A NUESTRO GRUPO DE WHATSAPP PARA ESTAR INFORMADO<\/em><\/a><\/strong><\/p>\n\n\n\n<h3 class=\"wp-block-heading\"><strong><mark style=\"background-color:rgba(0, 0, 0, 0)\" class=\"has-inline-color has-vivid-red-color\">\u00bfPor qu\u00e9 se celebra el D\u00eda de la Soberan\u00eda Nacional?<\/mark><\/strong><\/h3>\n\n\n\n<p>El <strong>20 de noviembre<\/strong> se conmemora la <strong>Batalla de la Vuelta de Obligado<\/strong>, ocurrida en 1845. Ese d\u00eda, las tropas argentinas \u2014bajo el mando de <strong>Lucio Mansilla<\/strong> y el gobierno de <strong>Juan Manuel de Rosas<\/strong>\u2014 resistieron la invasi\u00f3n anglo-francesa que intentaba dominar el comercio por el r\u00edo Paran\u00e1.<\/p>\n\n\n\n<p>Aunque las fuerzas extranjeras ten\u00edan una clara ventaja en armamento, los argentinos defendieron con valent\u00eda el territorio durante una intensa lucha de siete horas. Este hecho hist\u00f3rico se convirti\u00f3 en un <strong>s\u00edmbolo de unidad y soberan\u00eda nacional<\/strong>.<\/p>\n\n\n\n<h3 class=\"wp-block-heading\"><strong><mark style=\"background-color:rgba(0, 0, 0, 0)\" class=\"has-inline-color has-vivid-red-color\">\u00bfC\u00f3mo se paga si se trabaja durante un feriado o d\u00eda no laborable?<\/mark><\/strong><\/h3>\n\n\n\n<p>La <strong>Ley de Contrato de Trabajo<\/strong> (art\u00edculo 166) establece las siguientes diferencias:<\/p>\n\n\n\n<ul class=\"wp-block-list\">\n<li><strong>Feriados nacionales:<\/strong> si el empleado trabaja, cobra <strong>el doble<\/strong> de una jornada habitual.<\/li>\n\n\n\n<li><strong>D\u00edas no laborables:<\/strong> el empleador decide si se trabaja o no. En caso de hacerlo, el pago es <strong>simple<\/strong>, como un d\u00eda com\u00fan.<\/li>\n<\/ul>\n\n\n\n<p><\/p>\n\n\n\n<p>Por lo tanto, quienes trabajen el <strong>lunes 24 de noviembre<\/strong> deber\u00e1n recibir <strong>doble salario<\/strong>, mientras que el <strong>viernes 21<\/strong>, al ser no laborable, depender\u00e1 de la decisi\u00f3n de cada empresa.<\/p>\n\n\n\n<h3 class=\"wp-block-heading\"><strong><mark style=\"background-color:rgba(0, 0, 0, 0)\" class=\"has-inline-color has-vivid-red-color\">Feriados que restan en 2025<\/mark><\/strong><\/h3>\n\n\n\n<p><strong>Noviembre<\/strong><\/p>\n\n\n\n<ul class=\"wp-block-list\">\n<li>Viernes 21: d\u00eda no laborable con fines tur\u00edsticos.<\/li>\n\n\n\n<li>Lunes 24: D\u00eda de la Soberan\u00eda Nacional (trasladado del jueves 20).<\/li>\n<\/ul>\n\n\n\n<p><\/p>\n\n\n\n<p><strong>Diciembre<\/strong><\/p>\n\n\n\n<ul class=\"wp-block-list\">\n<li>Lunes 8: D\u00eda de la Inmaculada Concepci\u00f3n de Mar\u00eda (feriado inamovible).<\/li>\n\n\n\n<li>Jueves 25: Navidad (feriado inamovible).<\/li>\n<\/ul>\n\n\n\n<p><\/p>\n\n\n\n<p class=\"has-text-align-center\"><em><strong><em><strong><em><strong><em><strong><a href=\"https:\/\/t.me\/esreviral\">\u00daNETE A NUESTRO CANAL DE TELEGRAM PARA ESTAR INFORMADO<\/a><\/strong><\/em><\/strong><\/em><\/strong><\/em><\/strong><\/em><\/p>\n\n\n\n<p class=\"has-text-align-right\"><strong><em>Con Informaci\u00f3n de\u00a0TN.-<\/em><\/strong><\/p>\n","protected":false},"excerpt":{"rendered":"<p>Conoce lo que indica el calendario oficial del Gobierno para el pr\u00f3ximo mes.<\/p>\n","protected":false},"author":3,"featured_media":70724,"comment_status":"closed","ping_status":"closed","sticky":false,"template":"","format":"standard","meta":{"jnews-multi-image_gallery":[],"jnews_single_post":{"format":"standard"},"jnews_primary_category":[],"jnews_social_meta":[],"jnews_review":[],"enable_review":"","type":"","name":"","summary":"","brand":"","sku":"","good":[],"bad":[],"score_override":"","override_value":"","rating":[],"price":[],"jnews_override_counter":[],"jnews_post_split":[],"footnotes":""},"categories":[58],"tags":[44,5252,4611,45],"class_list":["post-82645","post","type-post","status-publish","format-standard","has-post-thumbnail","hentry","category-argentina","tag-argentina","tag-feriados","tag-fin-de-semana-largo","tag-noticias"],"amp_enabled":true,"_links":{"self":[{"href":"https:\/\/esreviral.com\/index.php?rest_route=\/wp\/v2\/posts\/82645"}],"collection":[{"href":"https:\/\/esreviral.com\/index.php?rest_route=\/wp\/v2\/posts"}],"about":[{"href":"https:\/\/esreviral.com\/index.php?rest_route=\/wp\/v2\/types\/post"}],"author":[{"embeddable":true,"href":"https:\/\/esreviral.com\/index.php?rest_route=\/wp\/v2\/users\/3"}],"replies":[{"embeddable":true,"href":"https:\/\/esreviral.com\/index.php?rest_route=%2Fwp%2Fv2%2Fcomments&post=82645"}],"version-history":[{"count":1,"href":"https:\/\/esreviral.com\/index.php?rest_route=\/wp\/v2\/posts\/82645\/revisions"}],"predecessor-version":[{"id":82646,"href":"https:\/\/esreviral.com\/index.php?rest_route=\/wp\/v2\/posts\/82645\/revisions\/82646"}],"wp:featuredmedia":[{"embeddable":true,"href":"https:\/\/esreviral.com\/index.php?rest_route=\/wp\/v2\/media\/70724"}],"wp:attachment":[{"href":"https:\/\/esreviral.com\/index.php?rest_route=%2Fwp%2Fv2%2Fmedia&parent=82645"}],"wp:term":[{"taxonomy":"category","embeddable":true,"href":"https:\/\/esreviral.com\/index.php?rest_route=%2Fwp%2Fv2%2Fcategories&post=82645"},{"taxonomy":"post_tag","embeddable":true,"href":"https:\/\/esreviral.com\/index.php?rest_route=%2Fwp%2Fv2%2Ftags&post=82645"}],"curies":[{"name":"wp","href":"https:\/\/api.w.org\/{rel}","templated":true}]}}