{"id":82638,"date":"2025-10-23T13:31:35","date_gmt":"2025-10-23T18:31:35","guid":{"rendered":"https:\/\/esreviral.com\/?p=82638"},"modified":"2025-10-23T13:31:36","modified_gmt":"2025-10-23T18:31:36","slug":"murio-un-nino-no-un-perro-piden-justicia-por-la-muerte-de-un-estudiante-de-padres-venezolanos","status":"publish","type":"post","link":"https:\/\/esreviral.com\/?p=82638","title":{"rendered":"\u201cMuri\u00f3 un ni\u00f1o, no un perro\u201d: Piden justicia por la muerte de un estudiante de padres venezolanos"},"content":{"rendered":"\n<p>La comunidad de <strong>Ambato, en Ecuador<\/strong>, exige justicia y transparencia tras la tr\u00e1gica muerte de <strong>Neil Alessandro Quintana Mirabal<\/strong>, un ni\u00f1o ecuatoriano de seis a\u00f1os de edad,<strong> hijo de padres venezolanos,<\/strong> que falleci\u00f3 dentro de la <strong>Unidad Educativa Luis A. Mart\u00ednez Agropecuario<\/strong>. El hecho, ocurrido el lunes 20 de octubre, contin\u00faa bajo investigaci\u00f3n oficial. Seg\u00fan reportes policiales, <strong>el menor fue hallado sin vida dentro de un tanque de agua<\/strong> <strong>del colegio,<\/strong> luego de que la docente a cargo se ausentara para asistir a una cita m\u00e9dica, dejando la supervisi\u00f3n a una pasante.<\/p>\n\n\n\n<p><strong>Padres de familia y activistas de derechos humanos<\/strong> se concentraron frente al plantel para exigir un pronunciamiento inmediato del Ministerio de Educaci\u00f3n y de las autoridades judiciales el d\u00eda de ayer. Los manifestantes <strong>denunciaron negligencia y demandaron que se esclarezcan las circunstancias que rodearon la muerte del menor.<\/strong><\/p>\n\n\n\n<p class=\"has-text-align-center\"><strong><a href=\"https:\/\/chat.whatsapp.com\/KWkTmakY3I05kNdd2oZl6d\"><em>\u00daNETE A NUESTRO GRUPO DE WHATSAPP PARA ESTAR INFORMADO<\/em><\/a><\/strong><\/p>\n\n\n\n<p><strong>Ginna Morales<\/strong>, presidenta de la fundaci\u00f3n<strong> <em>Almas en Movimiento<\/em>,<\/strong> expres\u00f3 su indignaci\u00f3n por la falta de empat\u00eda institucional. Se\u00f1al\u00f3 que<strong> el colegio no ofreci\u00f3 condolencias ni apoyo a la familia del ni\u00f1o <\/strong>y calific\u00f3 la respuesta de las autoridades como insensible. \u201c<strong><em>No fue un perro el que se muri\u00f3, fue un ni\u00f1o de seis a\u00f1os de edad\u201d<\/em><\/strong>, reclam\u00f3 la activista, subrayando la necesidad de un cambio en el trato hacia las <strong>familias migrantes.<\/strong><\/p>\n\n\n\n<p>La organizaci\u00f3n y los representantes de la comunidad exigieron una <strong>investigaci\u00f3n integral<\/strong>, que incluya no solo la responsabilidad en la muerte del menor, sino tambi\u00e9n los posibles casos de <strong>discriminaci\u00f3n y xenofobia<\/strong> hacia <strong>extranjeros o hijos de padres extranjeros<\/strong>, dentro del establecimiento.<\/p>\n\n\n\n<p>En respuesta, la <strong>Coordinaci\u00f3n Zonal 3 del Ministerio de Educaci\u00f3n<\/strong> inform\u00f3 que se ha iniciado una investigaci\u00f3n formal y se activ\u00f3 un plan de acompa\u00f1amiento psicol\u00f3gico para los familiares del ni\u00f1o y la comunidad educativa. Organizaciones sociales aseguraron que se mantendr\u00e1n vigilantes hasta que se determinen las responsabilidades correspondientes.<\/p>\n\n\n\n<p><\/p>\n\n\n\n<p class=\"has-text-align-center\"><em><strong><em><strong><em><strong><em><strong><a href=\"https:\/\/t.me\/esreviral\">\u00daNETE A NUESTRO CANAL DE TELEGRAM PARA ESTAR INFORMADO<\/a><\/strong><\/em><\/strong><\/em><\/strong><\/em><\/strong><\/em><\/p>\n\n\n\n<p class=\"has-text-align-right\"><em style=\"\"><b>Con Informaci\u00f3n de <\/b><\/em><strong><em>2001online.com.-<\/em><\/strong><\/p>\n","protected":false},"excerpt":{"rendered":"<p>Neil Alessandro Quintana Mirabal, de 6 a\u00f1os, falleci\u00f3 la tarde del lunes despu\u00e9s de caer en un tanque de agua en la Unidad Educativa \u201cLuis A. Mart\u00ednez Agropecuario\u201d, en Ambato<\/p>\n","protected":false},"author":3,"featured_media":82639,"comment_status":"closed","ping_status":"closed","sticky":false,"template":"","format":"standard","meta":{"jnews-multi-image_gallery":[],"jnews_single_post":{"format":"standard"},"jnews_primary_category":[],"jnews_social_meta":[],"jnews_review":[],"enable_review":"","type":"","name":"","summary":"","brand":"","sku":"","good":[],"bad":[],"score_override":"","override_value":"","rating":[],"price":[],"jnews_override_counter":[],"jnews_post_split":[],"footnotes":""},"categories":[54,88,64],"tags":[37068,37069,3382,37067,45,29313,36782,788],"class_list":["post-82638","post","type-post","status-publish","format-standard","has-post-thumbnail","hentry","category-inmigracion","category-internacionales","category-sucesos","tag-ahogamiento","tag-autoridades-escolares","tag-discriminacion","tag-escuela-en-ecuador","tag-noticias","tag-padres-venezolanos","tag-tanque-de-agua","tag-venezolanos-en-ecuador"],"amp_enabled":true,"_links":{"self":[{"href":"https:\/\/esreviral.com\/index.php?rest_route=\/wp\/v2\/posts\/82638"}],"collection":[{"href":"https:\/\/esreviral.com\/index.php?rest_route=\/wp\/v2\/posts"}],"about":[{"href":"https:\/\/esreviral.com\/index.php?rest_route=\/wp\/v2\/types\/post"}],"author":[{"embeddable":true,"href":"https:\/\/esreviral.com\/index.php?rest_route=\/wp\/v2\/users\/3"}],"replies":[{"embeddable":true,"href":"https:\/\/esreviral.com\/index.php?rest_route=%2Fwp%2Fv2%2Fcomments&post=82638"}],"version-history":[{"count":1,"href":"https:\/\/esreviral.com\/index.php?rest_route=\/wp\/v2\/posts\/82638\/revisions"}],"predecessor-version":[{"id":82640,"href":"https:\/\/esreviral.com\/index.php?rest_route=\/wp\/v2\/posts\/82638\/revisions\/82640"}],"wp:featuredmedia":[{"embeddable":true,"href":"https:\/\/esreviral.com\/index.php?rest_route=\/wp\/v2\/media\/82639"}],"wp:attachment":[{"href":"https:\/\/esreviral.com\/index.php?rest_route=%2Fwp%2Fv2%2Fmedia&parent=82638"}],"wp:term":[{"taxonomy":"category","embeddable":true,"href":"https:\/\/esreviral.com\/index.php?rest_route=%2Fwp%2Fv2%2Fcategories&post=82638"},{"taxonomy":"post_tag","embeddable":true,"href":"https:\/\/esreviral.com\/index.php?rest_route=%2Fwp%2Fv2%2Ftags&post=82638"}],"curies":[{"name":"wp","href":"https:\/\/api.w.org\/{rel}","templated":true}]}}