{"id":82634,"date":"2025-10-23T10:53:50","date_gmt":"2025-10-23T15:53:50","guid":{"rendered":"https:\/\/esreviral.com\/?p=82634"},"modified":"2025-10-23T10:58:43","modified_gmt":"2025-10-23T15:58:43","slug":"tras-la-renuncia-de-werthein-pablo-quirno-asume-como-canciller-de-argentina","status":"publish","type":"post","link":"https:\/\/esreviral.com\/?p=82634","title":{"rendered":"Tras la renuncia de Werthein, Pablo Quirno asume como canciller de Argentina"},"content":{"rendered":"\n<p>A tres d\u00edas de las elecciones, el presidente Javier Milei comenz\u00f3 a delinear su nuevo Gabinete. <strong>Pablo Quirno<\/strong>, actual secretario de Finanzas y hombre de confianza del ministro de Econom\u00eda, Luis Caputo, <strong>reemplazar\u00e1 a Gerardo Werthein como Canciller del Gobierno Argentino.<\/strong><\/p>\n\n\n\n<p><strong><em>\u00abEl nuevo Canciller ser\u00e1 Pablo Quirno, actual Secretario de Finanzas y miembro clave del equipo econ\u00f3mico que evit\u00f3 la mayor crisis de la historia del pa\u00eds y pieza fundamental en la construcci\u00f3n del milagro argentino. Con esta designaci\u00f3n, el presidente Milei reforzar\u00e1 la conexi\u00f3n entre la Canciller\u00eda y el Ministerio de Econom\u00eda, consolidando la visi\u00f3n pro-mercado de su gesti\u00f3n de cara a la segunda etapa de gobierno\u00bb.<\/em><\/strong><\/p>\n\n\n\n<p>Aunque el comunicado oficial agradece a Werthein su paso por la Canciller\u00eda, fuentes del Gobierno revelaron que su sorpresiva renuncia antes del domingo electoral gener\u00f3 molestias, ya que se pretend\u00eda anunciar los cambios el lunes. \u00ab<strong><em>La salida de Werthein precipit\u00f3 las decisiones\u00bb<\/em><\/strong>, admitieron en la Casa Rosada. Tras el anuncio, Quirno expres\u00f3: \u201c<strong><em>Un honor asumir esta nueva responsabilidad, gracias al presidente Milei por la confianza y al ministro Luis Caputo por tantos desaf\u00edos compartidos. \u00a1Seguiremos trabajando en equipo!\u201d.<\/em><\/strong><\/p>\n\n\n\n<p class=\"has-text-align-center\"><\/p>\n\n\n\n<p class=\"has-text-align-center\"><strong><a href=\"https:\/\/chat.whatsapp.com\/KWkTmakY3I05kNdd2oZl6d\"><em>\u00daNETE A NUESTRO GRUPO DE WHATSAPP PARA ESTAR INFORMADO<\/em><\/a><\/strong><\/p>\n\n\n\n<figure class=\"wp-block-image size-large\"><img decoding=\"async\" src=\"https:\/\/media.ambito.com\/p\/9349d88a8bb4beffa8c999f0c5f2b363\/adjuntos\/239\/imagenes\/042\/882\/0042882845\/730x0\/smart\/opra.jpg\" alt=\"\"\/><\/figure>\n\n\n\n<p><\/p>\n\n\n\n<p>Quirno, economista de perfil t\u00e9cnico, tiene poca experiencia en pol\u00edtica local pero fuerte v\u00ednculo con Estados Unidos, clave para la Argentina. Desde Finanzas particip\u00f3 en las negociaciones con la administraci\u00f3n de Donald Trump, que resultaron en un swap de 20.000 millones de d\u00f3lares a trav\u00e9s del Tesoro estadounidense. Su llegada fortalece la posici\u00f3n de Caputo y despeja rumores sobre una posible salida del ministro de Econom\u00eda.<\/p>\n\n\n\n<p>Seg\u00fan el Gobierno, Quirno \u00abpondr\u00e1 foco en abrir la Argentina al mundo, impulsar acuerdos comerciales y consolidar v\u00ednculos internacionales\u00bb, adem\u00e1s de continuar con la \u00abbatalla cultural\u00bb que lidera Milei en defensa de los valores occidentales y la libertad. Licenciado en Ciencias Econ\u00f3micas por la Universidad de Pensilvania, Quirno cuenta con una extensa trayectoria en el sector financiero internacional, incluyendo roles en JP Morgan en Nueva York como asesor financiero, Director para Latinoam\u00e9rica y miembro del Comit\u00e9 de Gerenciamiento Regional.<\/p>\n\n\n\n<p class=\"has-text-align-center\"><em><strong><em><strong><em><strong><em><strong><a href=\"https:\/\/t.me\/esreviral\">\u00daNETE A NUESTRO CANAL DE TELEGRAM PARA ESTAR INFORMADO<\/a><\/strong><\/em><\/strong><\/em><\/strong><\/em><\/strong><\/em><\/p>\n\n\n\n<blockquote class=\"twitter-tweet\"><p lang=\"es\" dir=\"ltr\">Un honor asumir esta nueva responsabilidad, muchas gracias al Presidente <a href=\"https:\/\/twitter.com\/JMilei?ref_src=twsrc%5Etfw\">@JMilei<\/a> por la confianza y al Ministro <a href=\"https:\/\/twitter.com\/LuisCaputoAR?ref_src=twsrc%5Etfw\">@LuisCaputoAR<\/a> por tantos desaf\u00edos compartidos. Seguiremos trabajando en equipo!<br>\ud83c\udde6\ud83c\uddf7\ud83c\udde6\ud83c\uddf7\ud83c\udde6\ud83c\uddf7 <a href=\"https:\/\/t.co\/zQAwAJwNQQ\">https:\/\/t.co\/zQAwAJwNQQ<\/a><\/p>&mdash; Pablo Quirno (@pabloquirno) <a href=\"https:\/\/twitter.com\/pabloquirno\/status\/1981381063365546382?ref_src=twsrc%5Etfw\">October 23, 2025<\/a><\/blockquote> <script async src=\"https:\/\/platform.twitter.com\/widgets.js\" charset=\"utf-8\"><\/script>\n\n\n\n<p><\/p>\n\n\n\n<p class=\"has-text-align-right\"><strong><em>Con Informaci\u00f3n de Clarin.-<\/em><\/strong><\/p>\n","protected":false},"excerpt":{"rendered":"<p>Es el actual secretario de Finanzas y hombre de confianza del ministro de Econom\u00eda, Luis Caputo.<\/p>\n","protected":false},"author":3,"featured_media":82635,"comment_status":"closed","ping_status":"closed","sticky":false,"template":"","format":"standard","meta":{"jnews-multi-image_gallery":[],"jnews_single_post":{"format":"standard"},"jnews_primary_category":[],"jnews_social_meta":[],"jnews_review":[],"enable_review":"","type":"","name":"","summary":"","brand":"","sku":"","good":[],"bad":[],"score_override":"","override_value":"","rating":[],"price":[],"jnews_override_counter":[],"jnews_post_split":[],"footnotes":""},"categories":[58,59],"tags":[44,37066,21365,1158,45,37065],"class_list":["post-82634","post","type-post","status-publish","format-standard","has-post-thumbnail","hentry","category-argentina","category-politica","tag-argentina","tag-canciller-del-gobierno-argentino","tag-gerardo-werthein","tag-javier-milei","tag-noticias","tag-pablo-quirno"],"amp_enabled":true,"_links":{"self":[{"href":"https:\/\/esreviral.com\/index.php?rest_route=\/wp\/v2\/posts\/82634"}],"collection":[{"href":"https:\/\/esreviral.com\/index.php?rest_route=\/wp\/v2\/posts"}],"about":[{"href":"https:\/\/esreviral.com\/index.php?rest_route=\/wp\/v2\/types\/post"}],"author":[{"embeddable":true,"href":"https:\/\/esreviral.com\/index.php?rest_route=\/wp\/v2\/users\/3"}],"replies":[{"embeddable":true,"href":"https:\/\/esreviral.com\/index.php?rest_route=%2Fwp%2Fv2%2Fcomments&post=82634"}],"version-history":[{"count":2,"href":"https:\/\/esreviral.com\/index.php?rest_route=\/wp\/v2\/posts\/82634\/revisions"}],"predecessor-version":[{"id":82637,"href":"https:\/\/esreviral.com\/index.php?rest_route=\/wp\/v2\/posts\/82634\/revisions\/82637"}],"wp:featuredmedia":[{"embeddable":true,"href":"https:\/\/esreviral.com\/index.php?rest_route=\/wp\/v2\/media\/82635"}],"wp:attachment":[{"href":"https:\/\/esreviral.com\/index.php?rest_route=%2Fwp%2Fv2%2Fmedia&parent=82634"}],"wp:term":[{"taxonomy":"category","embeddable":true,"href":"https:\/\/esreviral.com\/index.php?rest_route=%2Fwp%2Fv2%2Fcategories&post=82634"},{"taxonomy":"post_tag","embeddable":true,"href":"https:\/\/esreviral.com\/index.php?rest_route=%2Fwp%2Fv2%2Ftags&post=82634"}],"curies":[{"name":"wp","href":"https:\/\/api.w.org\/{rel}","templated":true}]}}