{"id":8253,"date":"2021-07-12T14:52:02","date_gmt":"2021-07-12T17:52:02","guid":{"rendered":"http:\/\/esreviral.com\/?p=8253"},"modified":"2021-07-12T14:52:02","modified_gmt":"2021-07-12T17:52:02","slug":"miembros-de-la-faes-rodean-camioneta-de-guaido-para","status":"publish","type":"post","link":"https:\/\/esreviral.com\/?p=8253","title":{"rendered":"#ENVIDEO Miembros de la FAES  rodean camioneta de Guaid\u00f3"},"content":{"rendered":"\n<p>La esposa de Juan Guaid\u00f3, Fabiana Rosales, denunci\u00f3 en su cuenta de Twitter que funcionarios del FAES tienen rodeada la camioneta donde se traslada el presidente (E) Juan Guaid\u00f3. <\/p>\n\n\n\n<figure class=\"wp-block-embed-twitter wp-block-embed is-type-rich is-provider-twitter\"><div class=\"wp-block-embed__wrapper\">\n<blockquote class=\"twitter-tweet\" data-width=\"500\" data-dnt=\"true\"><p lang=\"es\" dir=\"ltr\">En estos momentos funcionarios de las Faes, est\u00e1n en el s\u00f3tano de mi casa, hombres encapuchados con armas largas rodeando la camioneta en donde se encuentra el Presidente Juan Guaid\u00f3<\/p>&mdash; Fabiana Rosales (@FabiiRosales) <a href=\"https:\/\/twitter.com\/FabiiRosales\/status\/1414635683155783684?ref_src=twsrc%5Etfw\">July 12, 2021<\/a><\/blockquote><script async src=\"https:\/\/platform.twitter.com\/widgets.js\" charset=\"utf-8\"><\/script>\n<\/div><\/figure>\n\n\n\n<p>Adem\u00e1s se tuvo acceso del mensaje que envi\u00f3 el jefe de despacho de Guaid\u00f3 quien se encuentra con \u00e9l. <\/p>\n\n\n\n<figure class=\"wp-block-embed-twitter wp-block-embed is-type-rich is-provider-twitter\"><div class=\"wp-block-embed__wrapper\">\n<blockquote class=\"twitter-tweet\" data-width=\"500\" data-dnt=\"true\"><p lang=\"es\" dir=\"ltr\">Momentos en que miembros de la FAES se retiraron de la casa de Guaid\u00f3. No fue detenido <a href=\"https:\/\/twitter.com\/hashtag\/12jul?src=hash&amp;ref_src=twsrc%5Etfw\">#12jul<\/a> <a href=\"https:\/\/t.co\/LJ5LDQUXcQ\">pic.twitter.com\/LJ5LDQUXcQ<\/a><\/p>&mdash; ES RE VIRAL (@esreviral) <a href=\"https:\/\/twitter.com\/esreviral\/status\/1414646109532610560?ref_src=twsrc%5Etfw\">July 12, 2021<\/a><\/blockquote><script async src=\"https:\/\/platform.twitter.com\/widgets.js\" charset=\"utf-8\"><\/script>\n<\/div><\/figure>\n\n\n\n<p><strong><em>En desarrollo-&#8230;<\/em><\/strong><\/p>\n\n\n\n<figure class=\"wp-block-image size-large\"><img decoding=\"async\" src=\"https:\/\/esreviral.com\/wp-content\/uploads\/2021\/07\/WhatsApp-Image-2021-07-12-at-14.45.52.jpeg\" alt=\"\" class=\"wp-image-8254\"\/><figcaption>\u00daltimo mensaje del jefe de despacho del presidente Juan Guaid\u00f3 al ser interceptados por agentes de la dictadura<\/figcaption><\/figure>\n\n\n\n<figure class=\"wp-block-embed-twitter wp-block-embed is-type-rich is-provider-twitter\"><div class=\"wp-block-embed__wrapper\">\n<blockquote class=\"twitter-tweet\" data-width=\"500\" data-dnt=\"true\"><p lang=\"es\" dir=\"ltr\"><a href=\"https:\/\/twitter.com\/hashtag\/12Jul?src=hash&amp;ref_src=twsrc%5Etfw\">#12Jul<\/a> 1.40pm <a href=\"https:\/\/twitter.com\/hashtag\/ResidenciaDeJuanGuaido?src=hash&amp;ref_src=twsrc%5Etfw\">#ResidenciaDeJuanGuaido<\/a> <br>Efectivos de la PNB permanecen en los alrededores de la residencia de <a href=\"https:\/\/twitter.com\/jguaido?ref_src=twsrc%5Etfw\">@jguaido<\/a>. Poco antes se llevaron detenido a <a href=\"https:\/\/twitter.com\/FreddyGuevaraC?ref_src=twsrc%5Etfw\">@FreddyGuevaraC<\/a> <a href=\"https:\/\/t.co\/5XSGB5xpoL\">pic.twitter.com\/5XSGB5xpoL<\/a><br> <a href=\"https:\/\/twitter.com\/osmarycnn?ref_src=twsrc%5Etfw\">@osmarycnn<\/a><\/p>&mdash; Reporte Ya (@ReporteYa) <a href=\"https:\/\/twitter.com\/ReporteYa\/status\/1414642615954382851?ref_src=twsrc%5Etfw\">July 12, 2021<\/a><\/blockquote><script async src=\"https:\/\/platform.twitter.com\/widgets.js\" charset=\"utf-8\"><\/script>\n<\/div><\/figure>\n","protected":false},"excerpt":{"rendered":"<p>La esposa de Juan Guaid\u00f3, Fabiana Rosales, denunci\u00f3 en su cuenta de Twitter que funcionarios del FAES tienen rodeada la camioneta donde se traslada el presidente (E) Juan Guaid\u00f3. Adem\u00e1s se tuvo acceso del mensaje que envi\u00f3 el jefe de despacho de Guaid\u00f3 quien se encuentra con \u00e9l. En desarrollo-&#8230;<\/p>\n","protected":false},"author":2,"featured_media":8255,"comment_status":"open","ping_status":"open","sticky":false,"template":"","format":"standard","meta":{"jnews-multi-image_gallery":[],"jnews_single_post":[],"jnews_primary_category":[],"jnews_social_meta":[],"jnews_review":[],"enable_review":"","type":"","name":"","summary":"","brand":"","sku":"","good":[],"bad":[],"score_override":"","override_value":"","rating":[],"price":[],"jnews_override_counter":[],"jnews_post_split":[],"footnotes":""},"categories":[66],"tags":[393,154,45,960,56],"class_list":["post-8253","post","type-post","status-publish","format-standard","has-post-thumbnail","hentry","category-venezuela","tag-detencion","tag-guaido","tag-noticias","tag-urgente","tag-venezuela"],"amp_enabled":true,"_links":{"self":[{"href":"https:\/\/esreviral.com\/index.php?rest_route=\/wp\/v2\/posts\/8253"}],"collection":[{"href":"https:\/\/esreviral.com\/index.php?rest_route=\/wp\/v2\/posts"}],"about":[{"href":"https:\/\/esreviral.com\/index.php?rest_route=\/wp\/v2\/types\/post"}],"author":[{"embeddable":true,"href":"https:\/\/esreviral.com\/index.php?rest_route=\/wp\/v2\/users\/2"}],"replies":[{"embeddable":true,"href":"https:\/\/esreviral.com\/index.php?rest_route=%2Fwp%2Fv2%2Fcomments&post=8253"}],"version-history":[{"count":0,"href":"https:\/\/esreviral.com\/index.php?rest_route=\/wp\/v2\/posts\/8253\/revisions"}],"wp:featuredmedia":[{"embeddable":true,"href":"https:\/\/esreviral.com\/index.php?rest_route=\/"}],"wp:attachment":[{"href":"https:\/\/esreviral.com\/index.php?rest_route=%2Fwp%2Fv2%2Fmedia&parent=8253"}],"wp:term":[{"taxonomy":"category","embeddable":true,"href":"https:\/\/esreviral.com\/index.php?rest_route=%2Fwp%2Fv2%2Fcategories&post=8253"},{"taxonomy":"post_tag","embeddable":true,"href":"https:\/\/esreviral.com\/index.php?rest_route=%2Fwp%2Fv2%2Ftags&post=8253"}],"curies":[{"name":"wp","href":"https:\/\/api.w.org\/{rel}","templated":true}]}}