{"id":8249,"date":"2021-07-12T14:46:24","date_gmt":"2021-07-12T17:46:24","guid":{"rendered":"http:\/\/esreviral.com\/?p=8249"},"modified":"2021-07-12T14:46:24","modified_gmt":"2021-07-12T17:46:24","slug":"regimen-apreso-a-miembros-del-equipo-de-guaido-en-el-estacionamiento-de-su-casa","status":"publish","type":"post","link":"https:\/\/esreviral.com\/?p=8249","title":{"rendered":"R\u00e9gimen apres\u00f3 a miembros del equipo de Guaid\u00f3 en el estacionamiento de su casa"},"content":{"rendered":"\n<p>Funcionarios del r\u00e9gimen de Maduro, tambi\u00e9n apresaron a parte del equipo de Juan Guaid\u00f3, reconocido como presidente encargado por m\u00e1s de 60 pa\u00edses. <\/p>\n\n\n\n<p>El hecho se registr\u00f3 en el estacionamiento del edificio donde reside Guaid\u00f3 junto a su familia. <\/p>\n\n\n\n<p>Se presume que estar\u00edan vinculando tanto a Guaid\u00f3 como a parte de su equipo con los hechos ocurridos la semana pasada en Caracas donde bandas delictivas se enfrentaron a tiros con los funcionarios policiales. <\/p>\n\n\n\n<figure class=\"wp-block-embed-twitter wp-block-embed is-type-rich is-provider-twitter\"><div class=\"wp-block-embed__wrapper\">\n<blockquote class=\"twitter-tweet\" data-width=\"500\" data-dnt=\"true\"><p lang=\"es\" dir=\"ltr\"><a href=\"https:\/\/twitter.com\/hashtag\/12Jul?src=hash&amp;ref_src=twsrc%5Etfw\">#12Jul<\/a>  <a href=\"https:\/\/twitter.com\/hashtag\/Venezuela?src=hash&amp;ref_src=twsrc%5Etfw\">#Venezuela<\/a> <a href=\"https:\/\/twitter.com\/hashtag\/Persecuci%C3%B3n?src=hash&amp;ref_src=twsrc%5Etfw\">#Persecuci\u00f3n<\/a> <br>As\u00ed fue como vecinos rodearon a los funcionarios que intentaban llevarse a Juan Guaid\u00f3 de su residencia <a href=\"https:\/\/t.co\/NKXLbmf3Zk\">https:\/\/t.co\/NKXLbmf3Zk<\/a><\/p>&mdash; Reporte Ya (@ReporteYa) <a href=\"https:\/\/twitter.com\/ReporteYa\/status\/1414650584402178053?ref_src=twsrc%5Etfw\">July 12, 2021<\/a><\/blockquote><script async src=\"https:\/\/platform.twitter.com\/widgets.js\" charset=\"utf-8\"><\/script>\n<\/div><\/figure>\n\n\n\n<figure class=\"wp-block-image size-large\"><img decoding=\"async\" src=\"https:\/\/esreviral.com\/wp-content\/uploads\/2021\/07\/WhatsApp-Image-2021-07-12-at-14.38.32.jpeg\" alt=\"\" class=\"wp-image-8251\"\/><\/figure>\n","protected":false},"excerpt":{"rendered":"<p>Funcionarios del r\u00e9gimen de Maduro, tambi\u00e9n apresaron a parte del equipo de Juan Guaid\u00f3, reconocido como presidente encargado por m\u00e1s de 60 pa\u00edses. El hecho se registr\u00f3 en el estacionamiento del edificio donde reside Guaid\u00f3 junto a su familia. Se presume que estar\u00edan vinculando tanto a Guaid\u00f3 como a parte de su equipo con los [&hellip;]<\/p>\n","protected":false},"author":2,"featured_media":8250,"comment_status":"open","ping_status":"open","sticky":false,"template":"","format":"standard","meta":{"jnews-multi-image_gallery":[],"jnews_single_post":[],"jnews_primary_category":[],"jnews_social_meta":[],"jnews_review":[],"enable_review":"","type":"","name":"","summary":"","brand":"","sku":"","good":[],"bad":[],"score_override":"","override_value":"","rating":[],"price":[],"jnews_override_counter":[],"jnews_post_split":[],"footnotes":""},"categories":[66],"tags":[393,154,45],"class_list":["post-8249","post","type-post","status-publish","format-standard","has-post-thumbnail","hentry","category-venezuela","tag-detencion","tag-guaido","tag-noticias"],"amp_enabled":true,"_links":{"self":[{"href":"https:\/\/esreviral.com\/index.php?rest_route=\/wp\/v2\/posts\/8249"}],"collection":[{"href":"https:\/\/esreviral.com\/index.php?rest_route=\/wp\/v2\/posts"}],"about":[{"href":"https:\/\/esreviral.com\/index.php?rest_route=\/wp\/v2\/types\/post"}],"author":[{"embeddable":true,"href":"https:\/\/esreviral.com\/index.php?rest_route=\/wp\/v2\/users\/2"}],"replies":[{"embeddable":true,"href":"https:\/\/esreviral.com\/index.php?rest_route=%2Fwp%2Fv2%2Fcomments&post=8249"}],"version-history":[{"count":0,"href":"https:\/\/esreviral.com\/index.php?rest_route=\/wp\/v2\/posts\/8249\/revisions"}],"wp:featuredmedia":[{"embeddable":true,"href":"https:\/\/esreviral.com\/index.php?rest_route=\/"}],"wp:attachment":[{"href":"https:\/\/esreviral.com\/index.php?rest_route=%2Fwp%2Fv2%2Fmedia&parent=8249"}],"wp:term":[{"taxonomy":"category","embeddable":true,"href":"https:\/\/esreviral.com\/index.php?rest_route=%2Fwp%2Fv2%2Fcategories&post=8249"},{"taxonomy":"post_tag","embeddable":true,"href":"https:\/\/esreviral.com\/index.php?rest_route=%2Fwp%2Fv2%2Ftags&post=8249"}],"curies":[{"name":"wp","href":"https:\/\/api.w.org\/{rel}","templated":true}]}}