{"id":82482,"date":"2025-10-21T06:40:37","date_gmt":"2025-10-21T11:40:37","guid":{"rendered":"https:\/\/esreviral.com\/?p=82482"},"modified":"2025-10-21T09:32:34","modified_gmt":"2025-10-21T14:32:34","slug":"el-atentado-que-inspiro-uno-de-los-mayores-exitos-de-celia-cruz","status":"publish","type":"post","link":"https:\/\/esreviral.com\/?p=82482","title":{"rendered":"\u00a1Az\u00facar! 100 a\u00f1os del legado inmortal de Celia Cruz"},"content":{"rendered":"\n<p>Hoy, 21 de octubre, se cumple<strong> el centenario del nacimiento de Celia de la Caridad Cruz Alfonso<\/strong>, la inolvidable \u201c<strong><em>Reina de la Salsa<\/em><\/strong>\u201d. Nacida en 1925 en el barrio Santos Su\u00e1rez de La Habana, Cuba, hija de un fogonero y una ama de casa con vena art\u00edstica, Celia mostr\u00f3 desde peque\u00f1a su pasi\u00f3n por el canto, destacando en la escuela, en reuniones familiares y en programas de radio gracias a su voz c\u00e1lida y poderosa. Aunque su padre so\u00f1aba con que se convirtiera en maestra, Celia sigui\u00f3 su verdadera vocaci\u00f3n y abandon\u00f3 los estudios para ingresar al Conservatorio Nacional de M\u00fasica, dando inicio a una carrera que marcar\u00eda la historia de la m\u00fasica latinoamericana.<\/p>\n\n\n\n<p>En 1950, a los 25 a\u00f1os de edad, <strong>fue elegida vocalista de La Sonora Matancera<\/strong>, una de las orquestas m\u00e1s importantes de Cuba, donde grab\u00f3 \u00e9xitos como <strong><em>Cao cao, man\u00ed picao<\/em> y <em>Burundanga<\/em><\/strong>, que la consolidaron como \u201c<strong><em>La Guarachera de Cuba\u201d<\/em><\/strong>. Su talento la llev\u00f3 a escenarios de todo el continente, incluyendo <strong>presentaciones memorables en Venezuela y Argentina<\/strong>, como los conciertos en el<strong> Poliedro y el Teatro Teresa Carre\u00f1o en Caracas, y en el Luna Park de Buenos Aires<\/strong>, donde su energ\u00eda, colorido y carisma conquistaron al p\u00fablico latinoamericano y la convirtieron en un \u00edcono que trascend\u00eda fronteras.<\/p>\n\n\n\n<p class=\"has-text-align-center\"><strong><a href=\"https:\/\/chat.whatsapp.com\/KWkTmakY3I05kNdd2oZl6d\"><em>\u00daNETE A NUESTRO GRUPO DE WHATSAPP PARA ESTAR INFORMADO<\/em><\/a><\/strong><\/p>\n\n\n<div class=\"wp-block-image\">\n<figure class=\"aligncenter size-large\"><img decoding=\"async\" src=\"https:\/\/ichef.bbci.co.uk\/ace\/ws\/640\/cpsprodpb\/471c\/live\/7673c730-aa9a-11f0-b13f-1d91fccb7d93.jpg.webp\" alt=\"\"\/><figcaption class=\"wp-element-caption\">En esta foto, estaba en una presentaci\u00f3n en el Centro Kennedy, en 2001.<\/figcaption><\/figure><\/div>\n\n\n<p><\/p>\n\n\n\n<p>Tras el ascenso de Fidel Castro, <strong>Celia decidi\u00f3 no regresar a Cuba<\/strong> durante su gira por M\u00e9xico en 1960, quedando exiliada para continuar su carrera de manera libre. Nunca olvid\u00f3 su tierra, pero convirti\u00f3 la distancia y el dolor en m\u00fasica, llevando su mensaje de alegr\u00eda y resistencia cultural a todo el mundo.<\/p>\n\n\n\n<p><strong>Instalada en Estados Unidos junto a su esposo y representante, Pedro Knight,<\/strong> se sum\u00f3 a la ola de salsa neoyorquina de los a\u00f1os 70, compartiendo escenario con leyendas como <strong>Tito Puente, Willie Col\u00f3n y la Fania All-Stars<\/strong>.<strong> Grab\u00f3 m\u00e1s de 70 discos, gan\u00f3 tres premios Grammy y 23 discos de oro, <\/strong>convirti\u00e9ndose en un s\u00edmbolo mundial de fuerza, autenticidad y alegr\u00eda. Su estilo inconfundible inclu\u00eda<strong> pelucas coloridas, vestidos exuberantes y sus ic\u00f3nicos zapatos \u201cMacarios\u201d <\/strong>de plataforma y tacones geom\u00e9tricos, creados por el dise\u00f1ador mexicano Miguel Nieto y te\u00f1idos por ella para combinar con cada atuendo, algunos de los cuales hoy se exhiben en museos.<\/p>\n\n\n\n<p>Celia tambi\u00e9n colabor\u00f3 con destacados <strong>artistas venezolanos<\/strong>, consolidando su v\u00ednculo con la m\u00fasica latina. Entre ellos, comparti\u00f3 escenario con <strong>\u00d3scar D\u2019Le\u00f3n<\/strong>, interpretando juntos <em><strong>Tres d\u00edas de carnaval<\/strong><\/em> en programas como <strong><em>Super S\u00e1bado Sensacional<\/em>; <\/strong>con <strong>Cheo Feliciano<\/strong> en presentaciones de cl\u00e1sicos como <em>Encantado de la vida<\/em>; as\u00ed como con <strong>Guaco, Canelita Medina y Alberto Naranjo,<\/strong> fusionando su estilo con la salsa y ritmos caribe\u00f1os de Venezuela, dejando una huella imborrable en la regi\u00f3n.<\/p>\n\n\n<div class=\"wp-block-image\">\n<figure class=\"aligncenter size-full\"><img fetchpriority=\"high\" decoding=\"async\" width=\"959\" height=\"650\" src=\"https:\/\/esreviral.com\/wp-content\/uploads\/2025\/10\/AnyConv.com__celia-cruz-el-musical.webp\" alt=\"\" class=\"wp-image-82524\" srcset=\"https:\/\/esreviral.com\/wp-content\/uploads\/2025\/10\/AnyConv.com__celia-cruz-el-musical.webp 959w, https:\/\/esreviral.com\/wp-content\/uploads\/2025\/10\/AnyConv.com__celia-cruz-el-musical-300x203.webp 300w, https:\/\/esreviral.com\/wp-content\/uploads\/2025\/10\/AnyConv.com__celia-cruz-el-musical-768x521.webp 768w\" sizes=\"(max-width: 959px) 100vw, 959px\" \/><\/figure><\/div>\n\n\n<p><\/p>\n\n\n\n<p>A lo largo de su carrera, canciones como <strong><em>Qu\u00edmbara<\/em> y <em>La vida es un carnaval<\/em> <\/strong>se convirtieron en himnos de alegr\u00eda y esperanza, celebrando la vida y reivindicando sus ra\u00edces afrolatinas en un mundo musical dominado por hombres. Su emblem\u00e1tico grito de <strong><em>\u201c\u00a1Az\u00facar!<\/em><\/strong>\u201d trascendi\u00f3 como sello de identidad, fuerza y celebraci\u00f3n. Su esp\u00edritu innovador la llev\u00f3 a experimentar con nuevos sonidos hasta sus \u00faltimos a\u00f1os,<strong> incluyendo la fusi\u00f3n de salsa con rap y hip hop en su disco <em>La negra tiene tumbao<\/em> (2002).<\/strong><\/p>\n\n\n\n<p>En 1990 regres\u00f3 simb\u00f3licamente a suelo cubano al cantar en la Base Naval de Guant\u00e1namo tras 30 a\u00f1os de exilio. <strong>Pese a ser diagnosticada con un tumor cerebral en 2002, continu\u00f3 mostrando su inagotable energ\u00eda hasta su \u00faltima presentaci\u00f3n en marzo de 2003.<\/strong> Falleci\u00f3 el 16 de julio de ese a\u00f1o en Fort Lee, Nueva Jersey, a los 78 a\u00f1os de edad, con un pu\u00f1ado de tierra cubana en su ata\u00fad, s\u00edmbolo de su amor eterno por su pa\u00eds. Hoy, cien a\u00f1os despu\u00e9s de su nacimiento, la voz, la energ\u00eda y el legado de Celia Cruz siguen vivos, record\u00e1ndonos que la vida, como su m\u00fasica, est\u00e1 hecha para celebrarse.<\/p>\n\n\n\n<p class=\"has-text-align-center\"><em><strong><em><strong><em><strong><em><strong><a href=\"https:\/\/t.me\/esreviral\">\u00daNETE A NUESTRO CANAL DE TELEGRAM PARA ESTAR INFORMADO<\/a><\/strong><\/em><\/strong><\/em><\/strong><\/em><\/strong><\/em><\/p>\n\n\n\n<p class=\"has-text-align-right\"><em style=\"\"><b>Con Informaci\u00f3n de <\/b><\/em><em style=\"\"><b>elespectador.com<\/b><\/em><strong><em> y eldiario.ec<\/em><\/strong><strong><em> .-<\/em><\/strong><\/p>\n","protected":false},"excerpt":{"rendered":"<p>Este martes 21 de octubre se cumplen 100 a\u00f1os del nacimiento de Celia Cruz, quien convirti\u00f3 ese tema en una especie de himno en Latinoam\u00e9rica<\/p>\n","protected":false},"author":3,"featured_media":82484,"comment_status":"closed","ping_status":"closed","sticky":false,"template":"","format":"standard","meta":{"jnews-multi-image_gallery":[],"jnews_single_post":{"format":"standard"},"jnews_primary_category":[],"jnews_social_meta":[],"jnews_review":[],"enable_review":"","type":"","name":"","summary":"","brand":"","sku":"","good":[],"bad":[],"score_override":"","override_value":"","rating":[],"price":[],"jnews_override_counter":[],"jnews_post_split":[],"footnotes":""},"categories":[50],"tags":[966,36947,241,45],"class_list":["post-82482","post","type-post","status-publish","format-standard","has-post-thumbnail","hentry","category-entretenimiento","tag-celia-cruz","tag-la-vida-es-un-carnaval","tag-musica","tag-noticias"],"amp_enabled":true,"_links":{"self":[{"href":"https:\/\/esreviral.com\/index.php?rest_route=\/wp\/v2\/posts\/82482"}],"collection":[{"href":"https:\/\/esreviral.com\/index.php?rest_route=\/wp\/v2\/posts"}],"about":[{"href":"https:\/\/esreviral.com\/index.php?rest_route=\/wp\/v2\/types\/post"}],"author":[{"embeddable":true,"href":"https:\/\/esreviral.com\/index.php?rest_route=\/wp\/v2\/users\/3"}],"replies":[{"embeddable":true,"href":"https:\/\/esreviral.com\/index.php?rest_route=%2Fwp%2Fv2%2Fcomments&post=82482"}],"version-history":[{"count":4,"href":"https:\/\/esreviral.com\/index.php?rest_route=\/wp\/v2\/posts\/82482\/revisions"}],"predecessor-version":[{"id":82527,"href":"https:\/\/esreviral.com\/index.php?rest_route=\/wp\/v2\/posts\/82482\/revisions\/82527"}],"wp:featuredmedia":[{"embeddable":true,"href":"https:\/\/esreviral.com\/index.php?rest_route=\/wp\/v2\/media\/82484"}],"wp:attachment":[{"href":"https:\/\/esreviral.com\/index.php?rest_route=%2Fwp%2Fv2%2Fmedia&parent=82482"}],"wp:term":[{"taxonomy":"category","embeddable":true,"href":"https:\/\/esreviral.com\/index.php?rest_route=%2Fwp%2Fv2%2Fcategories&post=82482"},{"taxonomy":"post_tag","embeddable":true,"href":"https:\/\/esreviral.com\/index.php?rest_route=%2Fwp%2Fv2%2Ftags&post=82482"}],"curies":[{"name":"wp","href":"https:\/\/api.w.org\/{rel}","templated":true}]}}