{"id":82421,"date":"2025-10-17T14:58:07","date_gmt":"2025-10-17T19:58:07","guid":{"rendered":"https:\/\/esreviral.com\/?p=82421"},"modified":"2025-10-17T14:58:08","modified_gmt":"2025-10-17T19:58:08","slug":"principe-andres-renuncio-a-sus-titulos-nobiliarios-en-medio-del-escandalo-epstein","status":"publish","type":"post","link":"https:\/\/esreviral.com\/?p=82421","title":{"rendered":"Pr\u00edncipe Andr\u00e9s renunci\u00f3 a sus t\u00edtulos nobiliarios en medio del esc\u00e1ndalo Epstein"},"content":{"rendered":"\n<p><strong>El pr\u00edncipe Andr\u00e9s, hermano del rey Carlos III e hijo de la reina Isabel II,  anunci\u00f3 que renuncia a todos sus t\u00edtulos y honores, incluido el de duque de York, tras consultarlo con el monarca y con su familia. Aunque conservar\u00e1 su condici\u00f3n de pr\u00edncipe, confirm\u00f3 que seguir\u00e1 apartado de la vida p\u00fablica.<\/strong><\/p>\n\n\n\n<p class=\"has-text-align-center\"><strong><a href=\"https:\/\/chat.whatsapp.com\/KWkTmakY3I05kNdd2oZl6d\"><em>\u00daNETE A NUESTRO GRUPO DE WHATSAPP PARA ESTAR INFORMADO<\/em><\/a><\/strong><\/p>\n\n\n<div class=\"wp-block-image\">\n<figure class=\"aligncenter size-large\"><img decoding=\"async\" src=\"https:\/\/ichef.bbci.co.uk\/ace\/ws\/800\/cpsprodpb\/eb57\/live\/31afab20-ab8d-11f0-aa13-0b0479f6f42a.jpg.webp\" alt=\"\"\/><figcaption class=\"wp-element-caption\">Las acusaciones contra el pr\u00edncipe vuelven a la luz con la publicaci\u00f3n p\u00f3stuma de las memorias de una de las v\u00edctimas en el caso Epstein: las de Virginia Giuffre.<\/figcaption><\/figure><\/div>\n\n\n<p>En un comunicado difundido este viernes, Andr\u00e9s explic\u00f3 que su decisi\u00f3n busca \u201c<strong><em>evitar distracciones al trabajo de Su Majestad y la Familia Real<\/em><\/strong>\u201d. \u201c<strong><em>He decidido dar un paso m\u00e1s y dejar de usar los t\u00edtulos y honores que se me han conferido. Niego tajantemente las acusaciones en mi contra<\/em><\/strong>\u201d, afirm\u00f3.<\/p>\n\n\n\n<p>El anuncio llega en un contexto de renovado escrutinio<strong> por sus v\u00ednculos con el fallecido financiero Jeffrey Epstein<\/strong>, condenado por delitos sexuales contra menores. A pesar de que el <strong>pr\u00edncipe asegur\u00f3 haber roto todo contacto con \u00e9l en 2010<\/strong>, correos posteriores sugirieron lo contrario.<\/p>\n\n\n\n<p>La renuncia coincide adem\u00e1s con la inminente publicaci\u00f3n de <em>Nobody\u2019s Girl<\/em>, las memorias p\u00f3stumas de Virginia Giuffre, una de las principales acusadoras de Epstein, quien reiter\u00f3 que fue explotada sexualmente y vincul\u00f3 a Andr\u00e9s en tres encuentros ocurridos cuando ella ten\u00eda 17 a\u00f1os de edad. <strong>El pr\u00edncipe lleg\u00f3 a un acuerdo extrajudicial con Giuffre en 2022 y ha negado todas las acusaciones.<\/strong><\/p>\n\n\n\n<p>La decisi\u00f3n de renunciar a sus t\u00edtulos supone otro golpe a la imagen del duque, que ya hab\u00eda sido despojado de sus roles oficiales, t\u00edtulos militares y participaci\u00f3n en actos p\u00fablicos, quedando pr\u00e1cticamente apartado de la vida institucional de la monarqu\u00eda brit\u00e1nica.<\/p>\n\n\n\n<p class=\"has-text-align-center\"><em><strong><em><strong><em><strong><em><strong><a href=\"https:\/\/t.me\/esreviral\">\u00daNETE A NUESTRO CANAL DE TELEGRAM PARA ESTAR INFORMADO<\/a><\/strong><\/em><\/strong><\/em><\/strong><\/em><\/strong><\/em><\/p>\n\n\n\n<figure class=\"wp-block-image size-large\"><img decoding=\"async\" src=\"https:\/\/pbs.twimg.com\/media\/G3e7pt4XMAAzGCd?format=jpg&amp;name=medium\" alt=\"\"\/><\/figure>\n\n\n\n<p><\/p>\n\n\n\n<p class=\"has-text-align-right\"><strong><em>Con Informaci\u00f3n de bbc.com.-<\/em><\/strong><\/p>\n","protected":false},"excerpt":{"rendered":"<p>El hasta ahora duque de York, presionado por sus continuas pol\u00e9micas, se desvincula definitivamente de la casa real pese a que sigue negando las acusaciones que pesan contra \u00e9l<\/p>\n","protected":false},"author":3,"featured_media":82422,"comment_status":"closed","ping_status":"closed","sticky":false,"template":"","format":"standard","meta":{"jnews-multi-image_gallery":[],"jnews_single_post":{"format":"standard"},"jnews_primary_category":[],"jnews_social_meta":[],"jnews_review":[],"enable_review":"","type":"","name":"","summary":"","brand":"","sku":"","good":[],"bad":[],"score_override":"","override_value":"","rating":[],"price":[],"jnews_override_counter":[],"jnews_post_split":[],"footnotes":""},"categories":[88],"tags":[8791,15340,4358,624,2844,4214,36918],"class_list":["post-82421","post","type-post","status-publish","format-standard","has-post-thumbnail","hentry","category-internacionales","tag-casa-real-britanica","tag-casas-reales","tag-principe-andres-2","tag-realeza","tag-reino-unido","tag-rey-carlos-iii","tag-titulos-reales"],"amp_enabled":true,"_links":{"self":[{"href":"https:\/\/esreviral.com\/index.php?rest_route=\/wp\/v2\/posts\/82421"}],"collection":[{"href":"https:\/\/esreviral.com\/index.php?rest_route=\/wp\/v2\/posts"}],"about":[{"href":"https:\/\/esreviral.com\/index.php?rest_route=\/wp\/v2\/types\/post"}],"author":[{"embeddable":true,"href":"https:\/\/esreviral.com\/index.php?rest_route=\/wp\/v2\/users\/3"}],"replies":[{"embeddable":true,"href":"https:\/\/esreviral.com\/index.php?rest_route=%2Fwp%2Fv2%2Fcomments&post=82421"}],"version-history":[{"count":1,"href":"https:\/\/esreviral.com\/index.php?rest_route=\/wp\/v2\/posts\/82421\/revisions"}],"predecessor-version":[{"id":82423,"href":"https:\/\/esreviral.com\/index.php?rest_route=\/wp\/v2\/posts\/82421\/revisions\/82423"}],"wp:featuredmedia":[{"embeddable":true,"href":"https:\/\/esreviral.com\/index.php?rest_route=\/wp\/v2\/media\/82422"}],"wp:attachment":[{"href":"https:\/\/esreviral.com\/index.php?rest_route=%2Fwp%2Fv2%2Fmedia&parent=82421"}],"wp:term":[{"taxonomy":"category","embeddable":true,"href":"https:\/\/esreviral.com\/index.php?rest_route=%2Fwp%2Fv2%2Fcategories&post=82421"},{"taxonomy":"post_tag","embeddable":true,"href":"https:\/\/esreviral.com\/index.php?rest_route=%2Fwp%2Fv2%2Ftags&post=82421"}],"curies":[{"name":"wp","href":"https:\/\/api.w.org\/{rel}","templated":true}]}}