{"id":82407,"date":"2025-10-17T12:28:17","date_gmt":"2025-10-17T17:28:17","guid":{"rendered":"https:\/\/esreviral.com\/?p=82407"},"modified":"2025-10-17T12:28:18","modified_gmt":"2025-10-17T17:28:18","slug":"otra-estacion-de-subte-estara-cerrada-por-tres-meses","status":"publish","type":"post","link":"https:\/\/esreviral.com\/?p=82407","title":{"rendered":"Otra estaci\u00f3n de subte estar\u00e1 cerrada por tres meses"},"content":{"rendered":"\n<p><strong>La estaci\u00f3n Loria de la L\u00ednea A del subte permanecer\u00e1 cerrada a partir del lunes 20 de octubre por obras de renovaci\u00f3n,<\/strong> como parte del Plan de Renovaci\u00f3n Integral de Estaciones de Subterr\u00e1neos de Buenos Aires (SBASE).<strong> El cierre se extender\u00e1 por tres meses<\/strong> e incluir\u00e1 impermeabilizaci\u00f3n, pintura, renovaci\u00f3n de pisos y luminarias LED, se\u00f1alizaci\u00f3n braille, nuevos bancos, cestos y apoyos isqui\u00e1ticos, as\u00ed como mejoras en accesos, galer\u00edas y andenes para optimizar la circulaci\u00f3n y la comodidad de los usuarios.<\/p>\n\n\n\n<p class=\"has-text-align-center\"><strong><a href=\"https:\/\/chat.whatsapp.com\/KWkTmakY3I05kNdd2oZl6d\"><em>\u00daNETE A NUESTRO GRUPO DE WHATSAPP PARA ESTAR INFORMADO<\/em><\/a><\/strong><\/p>\n\n\n\n<p>Este proyecto se suma a las intervenciones en estaciones como R\u00edo de Janeiro (L\u00ednea A), Carlos Gardel y Uruguay (L\u00ednea B), Plaza Italia y Ag\u00fcero (L\u00ednea D), y a la puesta en valor de once estaciones y trece paradores del Premetro. Las obras continuar\u00e1n en Piedras y Congreso (L\u00ednea A), Malabia (L\u00ednea B), Tribunales (L\u00ednea D) y pr\u00f3ximamente se renovar\u00e1n Medrano y \u00c1ngel Gallardo (L\u00ednea B), Lavalle e Independencia (L\u00ednea C), y General Urquiza y Entre R\u00edos (L\u00ednea E).<\/p>\n\n\n\n<p>Por otro lado, m\u00e1s de 13 mil personas participaron de la segunda edici\u00f3n de 2025 de Expo Empleo BA, realizada en La Rural, Palermo. La feria, organizada por la Secretar\u00eda de Trabajo y Empleo del Gobierno porte\u00f1o, reuni\u00f3 a 85 empresas con m\u00e1s de 1.800 ofertas laborales y cont\u00f3 con la presencia de autoridades del Ejecutivo local.<\/p>\n\n\n\n<p>Durante la jornada, los asistentes pudieron participar de charlas y paneles sobre inteligencia artificial, empleos emergentes, sostenibilidad, innovaci\u00f3n y ciberseguridad, adem\u00e1s de talleres pr\u00e1cticos para mejorar CV, entrevistas laborales y habilidades blandas, reforzando la vinculaci\u00f3n entre empresas y candidatos en la Ciudad.<\/p>\n\n\n\n<p class=\"has-text-align-center\"><em><strong><em><strong><em><strong><em><strong><a href=\"https:\/\/t.me\/esreviral\">\u00daNETE A NUESTRO CANAL DE TELEGRAM PARA ESTAR INFORMADO<\/a><\/strong><\/em><\/strong><\/em><\/strong><\/em><\/strong><\/em><\/p>\n\n\n\n<p class=\"has-text-align-right\"><strong><em>Con Informaci\u00f3n de ambito.com.-<\/em><\/strong><\/p>\n","protected":false},"excerpt":{"rendered":"<p>La estaci\u00f3n permanecer\u00e1 cerrada durante tres meses desde el 20 de octubre. Es parte de un plan de renovaci\u00f3n de SBASE con el fin de mejorar la infraestructura existente y la experiencia de usuarios.<\/p>\n","protected":false},"author":3,"featured_media":82408,"comment_status":"closed","ping_status":"closed","sticky":false,"template":"","format":"standard","meta":{"jnews-multi-image_gallery":[],"jnews_single_post":{"format":"standard"},"jnews_primary_category":[],"jnews_social_meta":[],"jnews_review":[],"enable_review":"","type":"","name":"","summary":"","brand":"","sku":"","good":[],"bad":[],"score_override":"","override_value":"","rating":[],"price":[],"jnews_override_counter":[],"jnews_post_split":[],"footnotes":""},"categories":[58],"tags":[44,894,45,290,36914],"class_list":["post-82407","post","type-post","status-publish","format-standard","has-post-thumbnail","hentry","category-argentina","tag-argentina","tag-ciudad-de-buenos-aires","tag-noticias","tag-subte","tag-subte-loria"],"_links":{"self":[{"href":"https:\/\/esreviral.com\/index.php?rest_route=\/wp\/v2\/posts\/82407","targetHints":{"allow":["GET"]}}],"collection":[{"href":"https:\/\/esreviral.com\/index.php?rest_route=\/wp\/v2\/posts"}],"about":[{"href":"https:\/\/esreviral.com\/index.php?rest_route=\/wp\/v2\/types\/post"}],"author":[{"embeddable":true,"href":"https:\/\/esreviral.com\/index.php?rest_route=\/wp\/v2\/users\/3"}],"replies":[{"embeddable":true,"href":"https:\/\/esreviral.com\/index.php?rest_route=%2Fwp%2Fv2%2Fcomments&post=82407"}],"version-history":[{"count":1,"href":"https:\/\/esreviral.com\/index.php?rest_route=\/wp\/v2\/posts\/82407\/revisions"}],"predecessor-version":[{"id":82409,"href":"https:\/\/esreviral.com\/index.php?rest_route=\/wp\/v2\/posts\/82407\/revisions\/82409"}],"wp:featuredmedia":[{"embeddable":true,"href":"https:\/\/esreviral.com\/index.php?rest_route=\/wp\/v2\/media\/82408"}],"wp:attachment":[{"href":"https:\/\/esreviral.com\/index.php?rest_route=%2Fwp%2Fv2%2Fmedia&parent=82407"}],"wp:term":[{"taxonomy":"category","embeddable":true,"href":"https:\/\/esreviral.com\/index.php?rest_route=%2Fwp%2Fv2%2Fcategories&post=82407"},{"taxonomy":"post_tag","embeddable":true,"href":"https:\/\/esreviral.com\/index.php?rest_route=%2Fwp%2Fv2%2Ftags&post=82407"}],"curies":[{"name":"wp","href":"https:\/\/api.w.org\/{rel}","templated":true}]}}