{"id":82392,"date":"2025-10-17T11:25:09","date_gmt":"2025-10-17T16:25:09","guid":{"rendered":"https:\/\/esreviral.com\/?p=82392"},"modified":"2025-10-17T12:11:41","modified_gmt":"2025-10-17T17:11:41","slug":"adolescente-venezolana-murio-electrocutada-mientras-cargaba-su-celular","status":"publish","type":"post","link":"https:\/\/esreviral.com\/?p=82392","title":{"rendered":"Adolescente venezolana muri\u00f3 electrocutada mientras cargaba su celular"},"content":{"rendered":"\n<p><strong>Una adolescente venezolana de 16 a\u00f1os de edad perdi\u00f3 la vida electrocutada en Lima, Per\u00fa, mientras cargaba su tel\u00e9fono celular en su vivienda del distrito de Villa El Salvador.<\/strong><\/p>\n\n\n\n<p>Seg\u00fan medios locales, <strong>la joven se encontraba sola en el momento del incidente.<\/strong> Horas m\u00e1s tarde, su padre \u2014tambi\u00e9n de nacionalidad venezolana\u2014 hall\u00f3 el cuerpo sin vida en su habitaci\u00f3n, junto a un <strong>tel\u00e9fono completamente quemado.<\/strong><\/p>\n\n\n\n<p class=\"has-text-align-center\"><strong><a href=\"https:\/\/chat.whatsapp.com\/KWkTmakY3I05kNdd2oZl6d\"><em>\u00daNETE A NUESTRO GRUPO DE WHATSAPP PARA ESTAR INFORMADO<\/em><\/a><\/strong><\/p>\n\n\n\n<p>De acuerdo con las primeras hip\u00f3tesis, <strong>el celular habr\u00eda explotado o generado una fuerte descarga el\u00e9ctrica mientras estaba enchufado.<\/strong> Se presume adem\u00e1s que la v\u00edctima pudo haberse quedado dormida durante la carga del dispositivo.<\/p>\n\n\n\n<p>Vecinos del sector se concentraron frente a la sede de la Fiscal\u00eda para exigir una pronta respuesta de las autoridades, denunciando demoras en el procedimiento. \u201c<strong><em>No es justo. La fiscal\u00eda est\u00e1 al costado y hemos tenido que rogar para que vengan. Las madres lloraban pidiendo ayuda\u201d<\/em><\/strong>, expres\u00f3 una de las residentes.<\/p>\n\n\n\n<p>Horas despu\u00e9s de la protesta, funcionarios del Ministerio P\u00fablico se presentaron en el lugar y abrieron una investigaci\u00f3n para determinar las causas exactas de la muerte.<\/p>\n\n\n\n<p class=\"has-text-align-center\"><em><strong><em><strong><em><strong><em><strong><a href=\"https:\/\/t.me\/esreviral\">\u00daNETE A NUESTRO CANAL DE TELEGRAM PARA ESTAR INFORMADO<\/a><\/strong><\/em><\/strong><\/em><\/strong><\/em><\/strong><\/em><\/p>\n\n\n\n<p class=\"has-text-align-right\"><strong><em>Con Informaci\u00f3n de caraotadigital.net<\/em><\/strong>.-<\/p>\n","protected":false},"excerpt":{"rendered":"<p>Una adolescente venezolana de 16 a\u00f1os de edad perdi\u00f3 la vida electrocutada en Lima, Per\u00fa, mientras cargaba su tel\u00e9fono celular en su vivienda del distrito de Villa El Salvador. Seg\u00fan medios locales, la joven se encontraba sola en el momento del incidente. Horas m\u00e1s tarde, su padre \u2014tambi\u00e9n de nacionalidad venezolana\u2014 hall\u00f3 el cuerpo sin [&hellip;]<\/p>\n","protected":false},"author":3,"featured_media":82393,"comment_status":"closed","ping_status":"closed","sticky":false,"template":"","format":"standard","meta":{"jnews-multi-image_gallery":[],"jnews_single_post":{"format":"standard"},"jnews_primary_category":[],"jnews_social_meta":[],"jnews_review":[],"enable_review":"","type":"","name":"","summary":"","brand":"","sku":"","good":[],"bad":[],"score_override":"","override_value":"","rating":[],"price":[],"jnews_override_counter":[],"jnews_post_split":[],"footnotes":""},"categories":[54,88,64],"tags":[813,182,3170,45,232,5628],"class_list":["post-82392","post","type-post","status-publish","format-standard","has-post-thumbnail","hentry","category-inmigracion","category-internacionales","category-sucesos","tag-celular","tag-ministerio-publico","tag-muerte","tag-noticias","tag-peru","tag-venezolanos-en-peru-2"],"amp_enabled":true,"_links":{"self":[{"href":"https:\/\/esreviral.com\/index.php?rest_route=\/wp\/v2\/posts\/82392"}],"collection":[{"href":"https:\/\/esreviral.com\/index.php?rest_route=\/wp\/v2\/posts"}],"about":[{"href":"https:\/\/esreviral.com\/index.php?rest_route=\/wp\/v2\/types\/post"}],"author":[{"embeddable":true,"href":"https:\/\/esreviral.com\/index.php?rest_route=\/wp\/v2\/users\/3"}],"replies":[{"embeddable":true,"href":"https:\/\/esreviral.com\/index.php?rest_route=%2Fwp%2Fv2%2Fcomments&post=82392"}],"version-history":[{"count":1,"href":"https:\/\/esreviral.com\/index.php?rest_route=\/wp\/v2\/posts\/82392\/revisions"}],"predecessor-version":[{"id":82394,"href":"https:\/\/esreviral.com\/index.php?rest_route=\/wp\/v2\/posts\/82392\/revisions\/82394"}],"wp:featuredmedia":[{"embeddable":true,"href":"https:\/\/esreviral.com\/index.php?rest_route=\/wp\/v2\/media\/82393"}],"wp:attachment":[{"href":"https:\/\/esreviral.com\/index.php?rest_route=%2Fwp%2Fv2%2Fmedia&parent=82392"}],"wp:term":[{"taxonomy":"category","embeddable":true,"href":"https:\/\/esreviral.com\/index.php?rest_route=%2Fwp%2Fv2%2Fcategories&post=82392"},{"taxonomy":"post_tag","embeddable":true,"href":"https:\/\/esreviral.com\/index.php?rest_route=%2Fwp%2Fv2%2Ftags&post=82392"}],"curies":[{"name":"wp","href":"https:\/\/api.w.org\/{rel}","templated":true}]}}