{"id":8238,"date":"2021-07-11T20:29:14","date_gmt":"2021-07-11T23:29:14","guid":{"rendered":"http:\/\/esreviral.com\/?p=8238"},"modified":"2021-07-11T20:29:14","modified_gmt":"2021-07-11T23:29:14","slug":"asi-fue-la-protesta-de-cubanos-en-argentina-para-exigir-la-libertad-de-su-pais-video-y-fotos","status":"publish","type":"post","link":"https:\/\/esreviral.com\/?p=8238","title":{"rendered":"As\u00ed fue la protesta de cubanos en Argentina para exigir la libertad de su pa\u00eds (+VIDEO Y FOTOS)"},"content":{"rendered":"\n<p><strong><em>Texto y fotos: Carlos Iv\u00e1n Su\u00e1rez.- <\/em><\/strong>Un grupo de ciudadanos cubanos que residen en Argentina, protestaron frente a la embajada de su pa\u00eds en Buenos Aires desde donde pidieron la libertad no s\u00f3lo para su naci\u00f3n sino para Venezuela y Nicaragua. <\/p>\n\n\n\n<p>\u00abEstamos viviendo los s\u00edntomas del r\u00e9gimen castro-chavista-kirchnerista\u00bb, coment\u00f3 una de las argentinas presente. <\/p>\n\n\n\n<figure class=\"wp-block-image size-large\"><img decoding=\"async\" src=\"https:\/\/esreviral.com\/wp-content\/uploads\/2021\/07\/IMG_7854-1024x576.jpg\" alt=\"\" class=\"wp-image-8240\"\/><\/figure>\n\n\n\n<p>Al grito de libertad y patria y vida, las personas concentradas frente a la embajada, tambi\u00e9n explicaron que la isla \u00abno hay medicamentos ni para un simple dolor. Se est\u00e1 muriendo la gente de hambre en las casas como perros\u00bb. <\/p>\n\n\n\n<figure class=\"wp-block-embed-youtube wp-block-embed is-type-video is-provider-youtube wp-embed-aspect-16-9 wp-has-aspect-ratio\"><div class=\"wp-block-embed__wrapper\">\n<div class=\"jeg_video_container jeg_video_content\"><iframe title=\"Cubanos en Argentina protestan frente a la embajada y piden libertad\" width=\"500\" height=\"281\" src=\"https:\/\/www.youtube.com\/embed\/J9HQmwruCfE?feature=oembed\" frameborder=\"0\" allow=\"accelerometer; autoplay; clipboard-write; encrypted-media; gyroscope; picture-in-picture; web-share\" referrerpolicy=\"strict-origin-when-cross-origin\" allowfullscreen><\/iframe><\/div>\n<\/div><\/figure>\n\n\n\n<figure class=\"wp-block-image size-large\"><img decoding=\"async\" src=\"https:\/\/esreviral.com\/wp-content\/uploads\/2021\/07\/IMG_7874-1024x576.jpg\" alt=\"\" class=\"wp-image-8241\"\/><\/figure>\n\n\n\n<figure class=\"wp-block-image size-large\"><img decoding=\"async\" src=\"https:\/\/esreviral.com\/wp-content\/uploads\/2021\/07\/IMG_7871-1024x576.jpg\" alt=\"\" class=\"wp-image-8242\"\/><\/figure>\n","protected":false},"excerpt":{"rendered":"<p>Adem\u00e1s pidieron por la libertad de Venezuela y Nicaragua<\/p>\n","protected":false},"author":2,"featured_media":8243,"comment_status":"open","ping_status":"open","sticky":false,"template":"","format":"standard","meta":{"jnews-multi-image_gallery":[],"jnews_single_post":[],"jnews_primary_category":[],"jnews_social_meta":[],"jnews_review":[],"enable_review":"","type":"","name":"","summary":"","brand":"","sku":"","good":[],"bad":[],"score_override":"","override_value":"","rating":[],"price":[],"jnews_override_counter":[],"jnews_post_split":[],"footnotes":""},"categories":[43,58],"tags":[44,957,958,126],"class_list":["post-8238","post","type-post","status-publish","format-standard","has-post-thumbnail","hentry","category-actualidad","category-argentina","tag-argentina","tag-cuba","tag-cubanos-en-argentina","tag-protesta"],"amp_enabled":true,"_links":{"self":[{"href":"https:\/\/esreviral.com\/index.php?rest_route=\/wp\/v2\/posts\/8238"}],"collection":[{"href":"https:\/\/esreviral.com\/index.php?rest_route=\/wp\/v2\/posts"}],"about":[{"href":"https:\/\/esreviral.com\/index.php?rest_route=\/wp\/v2\/types\/post"}],"author":[{"embeddable":true,"href":"https:\/\/esreviral.com\/index.php?rest_route=\/wp\/v2\/users\/2"}],"replies":[{"embeddable":true,"href":"https:\/\/esreviral.com\/index.php?rest_route=%2Fwp%2Fv2%2Fcomments&post=8238"}],"version-history":[{"count":0,"href":"https:\/\/esreviral.com\/index.php?rest_route=\/wp\/v2\/posts\/8238\/revisions"}],"wp:featuredmedia":[{"embeddable":true,"href":"https:\/\/esreviral.com\/index.php?rest_route=\/"}],"wp:attachment":[{"href":"https:\/\/esreviral.com\/index.php?rest_route=%2Fwp%2Fv2%2Fmedia&parent=8238"}],"wp:term":[{"taxonomy":"category","embeddable":true,"href":"https:\/\/esreviral.com\/index.php?rest_route=%2Fwp%2Fv2%2Fcategories&post=8238"},{"taxonomy":"post_tag","embeddable":true,"href":"https:\/\/esreviral.com\/index.php?rest_route=%2Fwp%2Fv2%2Ftags&post=8238"}],"curies":[{"name":"wp","href":"https:\/\/api.w.org\/{rel}","templated":true}]}}