{"id":82345,"date":"2025-10-16T09:59:24","date_gmt":"2025-10-16T14:59:24","guid":{"rendered":"https:\/\/esreviral.com\/?p=82345"},"modified":"2025-10-16T09:59:25","modified_gmt":"2025-10-16T14:59:25","slug":"alerta-en-la-salud-encuesta-revelo-desgaste-extremo-entre-medicos-argentinos","status":"publish","type":"post","link":"https:\/\/esreviral.com\/?p=82345","title":{"rendered":"Alerta en la salud: encuesta revel\u00f3 desgaste extremo entre m\u00e9dicos argentinos"},"content":{"rendered":"\n<p><strong>M\u00e1s de 6 de cada 10 m\u00e9dicos en Argentina reconocen tener o estar en riesgo de burnout, un desgaste laboral extremo que afecta su salud f\u00edsica, emocional y mental.<\/strong> As\u00ed lo revel\u00f3 una encuesta federal presentada este lunes en el 51\u00b0 <strong>Congreso Argentino de Cardiolog\u00eda<\/strong>, organizada por el Foro de Sociedades M\u00e9dicas Argentinas. El estudio, que incluy\u00f3 a casi 3.000 profesionales de todas las especialidades, alerta sobre el impacto del estr\u00e9s cr\u00f3nico en la pr\u00e1ctica m\u00e9dica y la urgente necesidad de atenci\u00f3n a esta problem\u00e1tica.<\/p>\n\n\n\n<p class=\"has-text-align-center\"><strong><a href=\"https:\/\/chat.whatsapp.com\/KWkTmakY3I05kNdd2oZl6d\"><em>\u00daNETE A NUESTRO GRUPO DE WHATSAPP PARA ESTAR INFORMADO<\/em><\/a><\/strong><\/p>\n\n\n<div class=\"wp-block-image\">\n<figure class=\"aligncenter size-large\"><img decoding=\"async\" src=\"https:\/\/resizer.glanacion.com\/resizer\/v2\/la-percepcion-de-burnout-de-los-34MYPHS7HBDGLGOLCNZSG63JFM.jpeg?auth=17be35f78455af9179e5e1fb3859af106a773d9049dfdd04a5f236cadca3a490&amp;width=780&amp;height=467&amp;quality=70&amp;smart=true\" alt=\"\"\/><figcaption class=\"wp-element-caption\">La percepci\u00f3n de burnout de los m\u00e9dicos<\/figcaption><\/figure><\/div>\n\n\n<p><\/p>\n\n\n\n<p>Entre los principales factores que generan agotamiento se destacan el<strong> poliempleo, la sobrecarga de tareas y la falta de perspectivas profesionales claras. <\/strong>La encuesta indica que casi la mitad de los m\u00e9dicos ha pensado en emigrar y que solo el 52% volver\u00eda a elegir la medicina como carrera. Los residentes y los profesionales de terapia intensiva fueron los m\u00e1s afectados, con riesgo cr\u00edtico de burnout y preocupaciones sobre la renovaci\u00f3n generacional, debido a la alta edad promedio y la emigraci\u00f3n de j\u00f3venes especialistas.<\/p>\n\n\n\n<p>Los expertos advierten que la situaci\u00f3n tiene consecuencias directas en la calidad del sistema de salud argentino, tanto p\u00fablico como privado. \u201c<strong><em>El burnout es un sensor de que algo est\u00e1 pasando en la estructura de la medicina<\/em><\/strong>\u201d, afirm\u00f3 Gabriel Persi, vicepresidente de la Sociedad Neurol\u00f3gica Argentina. Representantes de diversas sociedades m\u00e9dicas coincidieron en que es imprescindible implementar medidas urgentes para proteger a los profesionales, garantizar la atenci\u00f3n a los pacientes y evitar que la crisis laboral se profundice en los pr\u00f3ximos a\u00f1os.<\/p>\n\n\n\n<p class=\"has-text-align-center\"><em><strong><em><strong><em><strong><em><strong><a href=\"https:\/\/t.me\/esreviral\">\u00daNETE A NUESTRO CANAL DE TELEGRAM PARA ESTAR INFORMADO<\/a><\/strong><\/em><\/strong><\/em><\/strong><\/em><\/strong><\/em><\/p>\n\n\n<div class=\"wp-block-image\">\n<figure class=\"aligncenter size-large\"><img decoding=\"async\" src=\"https:\/\/resizer.glanacion.com\/resizer\/v2\/percepcion-del-burnout-por-IQABTHTJRZCZVPBGAZEZDGJRPE.jpeg?auth=e29b786f8f7878ebf5ba792214a00c946f386cd6a2da347aaf2036603f7b12f9&amp;width=780&amp;height=459&amp;quality=70&amp;smart=true\" alt=\"\"\/><figcaption class=\"wp-element-caption\">Percepci\u00f3n del burnout por especialidad<\/figcaption><\/figure><\/div>\n\n\n<p><\/p>\n\n\n\n<p class=\"has-text-align-right\"><strong><em>Con Informaci\u00f3n de LN.-<\/em><\/strong><\/p>\n\n\n\n<p><\/p>\n","protected":false},"excerpt":{"rendered":"<p>El trabajo fue presentado en el Congreso Argentino de Cardiolog\u00eda; m\u00e1s del 60% de los profesionales reconocieron tener un burnout o estar en riesgo de tener uno<\/p>\n","protected":false},"author":3,"featured_media":82347,"comment_status":"closed","ping_status":"closed","sticky":false,"template":"","format":"standard","meta":{"jnews-multi-image_gallery":[],"jnews_single_post":{"format":"standard"},"jnews_primary_category":[],"jnews_social_meta":[],"jnews_review":[],"enable_review":"","type":"","name":"","summary":"","brand":"","sku":"","good":[],"bad":[],"score_override":"","override_value":"","rating":[],"price":[],"jnews_override_counter":[],"jnews_post_split":[],"footnotes":""},"categories":[58,84],"tags":[44,27346,36888,36887,36889,14671,45,85],"class_list":["post-82345","post","type-post","status-publish","format-standard","has-post-thumbnail","hentry","category-argentina","category-salud","tag-argentina","tag-burnout","tag-congreso-argentino-de-cardiologia","tag-desgaste-laboral-extremo","tag-estres-cronico","tag-medicos-en-argentina","tag-noticias","tag-salud"],"amp_enabled":true,"_links":{"self":[{"href":"https:\/\/esreviral.com\/index.php?rest_route=\/wp\/v2\/posts\/82345"}],"collection":[{"href":"https:\/\/esreviral.com\/index.php?rest_route=\/wp\/v2\/posts"}],"about":[{"href":"https:\/\/esreviral.com\/index.php?rest_route=\/wp\/v2\/types\/post"}],"author":[{"embeddable":true,"href":"https:\/\/esreviral.com\/index.php?rest_route=\/wp\/v2\/users\/3"}],"replies":[{"embeddable":true,"href":"https:\/\/esreviral.com\/index.php?rest_route=%2Fwp%2Fv2%2Fcomments&post=82345"}],"version-history":[{"count":2,"href":"https:\/\/esreviral.com\/index.php?rest_route=\/wp\/v2\/posts\/82345\/revisions"}],"predecessor-version":[{"id":82348,"href":"https:\/\/esreviral.com\/index.php?rest_route=\/wp\/v2\/posts\/82345\/revisions\/82348"}],"wp:featuredmedia":[{"embeddable":true,"href":"https:\/\/esreviral.com\/index.php?rest_route=\/wp\/v2\/media\/82347"}],"wp:attachment":[{"href":"https:\/\/esreviral.com\/index.php?rest_route=%2Fwp%2Fv2%2Fmedia&parent=82345"}],"wp:term":[{"taxonomy":"category","embeddable":true,"href":"https:\/\/esreviral.com\/index.php?rest_route=%2Fwp%2Fv2%2Fcategories&post=82345"},{"taxonomy":"post_tag","embeddable":true,"href":"https:\/\/esreviral.com\/index.php?rest_route=%2Fwp%2Fv2%2Ftags&post=82345"}],"curies":[{"name":"wp","href":"https:\/\/api.w.org\/{rel}","templated":true}]}}