{"id":8230,"date":"2021-07-09T09:54:11","date_gmt":"2021-07-09T12:54:11","guid":{"rendered":"http:\/\/esreviral.com\/?p=8230"},"modified":"2021-07-09T09:54:11","modified_gmt":"2021-07-09T12:54:11","slug":"cronograma-de-servicios-publicos-para-este-9jul","status":"publish","type":"post","link":"https:\/\/esreviral.com\/?p=8230","title":{"rendered":"Cronograma de servicios p\u00fablicos para este #9jul"},"content":{"rendered":"\n<figure class=\"wp-block-table\"><table><tbody><tr><td><\/td><\/tr><\/tbody><\/table><\/figure>\n\n\n\n<p>El Gobierno de la Ciudad Aut\u00f3noma de Buenos Aires informa el cronograma de servicios p\u00fablicos para este viernes 9 de julio, feriado por el D\u00eda de la Independencia.<br>*&nbsp;<strong>Hospitales<\/strong>: funcionar\u00e1n las guardias, el SAME y las Unidades Febriles de Urgencia. Tambi\u00e9n el dispositivo DetectAR del Teatro Col\u00f3n (de 8.30 a 14 horas).<br>*&nbsp;<strong>Escuelas<\/strong>: cerradas.<br>*&nbsp;<strong>Cementerios<\/strong>: las inhumaciones en los Cementerios de Chacarita, Flores, Recoleta y el ingreso de los fallecidos al Crematorio de la Ciudad Aut\u00f3noma de Buenos Aires se realizar\u00e1n en el horario de 7.30 a 15 horas a destino, recepcion\u00e1ndose el \u00faltimo tr\u00e1mite a las 14 e inici\u00e1ndose la \u00faltima inhumaci\u00f3n a las 14.30.<br>*&nbsp;<strong>Administraci\u00f3n Gubernamental de Ingresos P\u00fablicos y Direcci\u00f3n General de Rentas<\/strong>: cerradas.<br>*&nbsp;<strong>Sedes Comunales<\/strong>: cerradas.<br>*&nbsp;<strong>Registro Civil<\/strong>: permanecer\u00e1 cerrado. Funcionar\u00e1 s\u00f3lo la guardia de defunciones de 9 a 12.<br>*<strong>&nbsp;Recolecci\u00f3n de residuos<\/strong>: el servicio funcionar\u00e1 de manera habitual.<br>*&nbsp;<strong>Estacionamiento:<\/strong>&nbsp;estar\u00e1 permitido estacionar sobre las avenidas y calles donde est\u00e1 prohibido estacionar los d\u00edas h\u00e1biles de 7 a 21 horas. No estar\u00e1 permitido estacionar sobre avenidas o calles donde est\u00e1 prohibido estacionar las 24 horas.<br>El estacionamiento medido no tendr\u00e1 vigencia.<br>En las rampas, veredas, ochavas, cocheras, paradas de colectivo, calles de convivencia, espacios reservados para personas con discapacidad, espacios reservados para cl\u00ednicas y hospitales y cajones de carga y descarga, sigue rigiendo la prohibici\u00f3n durante las 24 horas. Adem\u00e1s no habr\u00e1 restricci\u00f3n de ingreso a Centro y Tribunales peatonal.<br>M\u00e1s informaci\u00f3n:&nbsp;<a href=\"https:\/\/lt.mydplr.com\/8e97a5a4e0aa0646ca154196e609ae08-3523ed1b7c765c2ed4553be6ca72846c\" target=\"_blank\" rel=\"noreferrer noopener\"><u>http:\/\/estacionamiento.gob.ar\/<\/u><\/a><br>*&nbsp;<strong>Subtes y premetro<\/strong>: el servicio funcionar\u00e1 con horario de domingo\/feriado, es decir de 8 a 21\/22 horas seg\u00fan corresponda el horario del \u00faltimo tren de cada l\u00ednea. Las formaciones s\u00f3lo se detienen en las cabeceras, en las estaciones donde se realizan combinaciones, en estaciones de trasbordo, en aquellas estaciones cercanas a centros de atenci\u00f3n esenciales para esta pandemia, como Facultad de Medicina (l\u00ednea D) o Caseros (l\u00ednea H) y pr\u00f3ximas a entidades bancarias e instituciones educativas.<br>*&nbsp;<strong>Ecobici<\/strong>: los usuarios tendr\u00e1n dos opciones principales: Pase feriado ($150, cuatro viajes por d\u00eda de hasta 60 minutos), o Pase recreativo viaje \u00fanico ($70, un viaje en el d\u00eda de 30 minutos).<br>*&nbsp;<strong>Peajes<\/strong>: los peajes funcionar\u00e1n con normalidad, tomando como hora pico el horario de fin de semana, es decir, de 11 a 15 horas sentido Provincia, y de 17 a 21 horas sentido Centro.<br>*&nbsp;<strong>Registro de licencias para conducir, sede Roca<\/strong>: cerrada.<br>*&nbsp;<strong>Pista de aprendizaje<\/strong>: cerrada.<br>*&nbsp;<strong>Verificaci\u00f3n T\u00e9cnica Vehicular<\/strong>: las siete plantas permanecer\u00e1n cerradas.<br>*&nbsp;<strong>Direcci\u00f3n General de Infracciones:<\/strong>&nbsp;cerrada.<br>*&nbsp;<strong>Polic\u00eda y Bomberos de la Ciudad + Emergencias L\u00ednea 911; Log\u00edstica, Defensa Civil y Guardia de Auxilio; y Emergencias + L\u00ednea 103<\/strong>: guardias activas las 24 horas.<br>*&nbsp;<strong>Parques:<\/strong><br>Reserva Ecol\u00f3gica: abierta de 9 a 18 horas.Jard\u00edn Bot\u00e1nico: abierto de 9 a 18 horas.Ecoparque: abierto de 10 a 17 horas.<br>*&nbsp;<strong>Museos<\/strong>:Fern\u00e1ndez Blanco, Larreta, El Moderno y S\u00edvori: abiertos de 11 a 20 horas.<br>Para m\u00e1s informaci\u00f3n:&nbsp;<a href=\"https:\/\/lt.mydplr.com\/a3d73ed2f300cf0224b9a86dfcb91082-3523ed1b7c765c2ed4553be6ca72846c\" target=\"_blank\" rel=\"noreferrer noopener\"><u>http:\/\/www.buenosaires.gob.ar\/museos<\/u><\/a>.<br>*&nbsp;<strong>Bibliotecas p\u00fablicas<\/strong>: cerradas.<br>*&nbsp;<strong>Teatros dependientes del GCBA<\/strong>:<br>Complejo Teatral de Buenos Aires: cerrado.Centro Cultural San Mart\u00edn: cerrado.Centro Cultural 25 de Mayo: cerrado.Teatro Col\u00f3n: abierto (DetectAR).Usina del Arte: abierta (vacunatorio).<\/p>\n","protected":false},"excerpt":{"rendered":"<p>El Gobierno de la Ciudad Aut\u00f3noma de Buenos Aires informa el cronograma de servicios p\u00fablicos para este viernes 9 de julio, feriado por el D\u00eda de la Independencia.*&nbsp;Hospitales: funcionar\u00e1n las guardias, el SAME y las Unidades Febriles de Urgencia. Tambi\u00e9n el dispositivo DetectAR del Teatro Col\u00f3n (de 8.30 a 14 horas).*&nbsp;Escuelas: cerradas.*&nbsp;Cementerios: las inhumaciones en [&hellip;]<\/p>\n","protected":false},"author":2,"featured_media":8231,"comment_status":"open","ping_status":"open","sticky":false,"template":"","format":"standard","meta":{"jnews-multi-image_gallery":[],"jnews_single_post":[],"jnews_primary_category":[],"jnews_social_meta":[],"jnews_review":[],"enable_review":"","type":"","name":"","summary":"","brand":"","sku":"","good":[],"bad":[],"score_override":"","override_value":"","rating":[],"price":[],"jnews_override_counter":[],"jnews_post_split":[],"footnotes":""},"categories":[43,58],"tags":[44,45],"class_list":["post-8230","post","type-post","status-publish","format-standard","has-post-thumbnail","hentry","category-actualidad","category-argentina","tag-argentina","tag-noticias"],"amp_enabled":true,"_links":{"self":[{"href":"https:\/\/esreviral.com\/index.php?rest_route=\/wp\/v2\/posts\/8230"}],"collection":[{"href":"https:\/\/esreviral.com\/index.php?rest_route=\/wp\/v2\/posts"}],"about":[{"href":"https:\/\/esreviral.com\/index.php?rest_route=\/wp\/v2\/types\/post"}],"author":[{"embeddable":true,"href":"https:\/\/esreviral.com\/index.php?rest_route=\/wp\/v2\/users\/2"}],"replies":[{"embeddable":true,"href":"https:\/\/esreviral.com\/index.php?rest_route=%2Fwp%2Fv2%2Fcomments&post=8230"}],"version-history":[{"count":0,"href":"https:\/\/esreviral.com\/index.php?rest_route=\/wp\/v2\/posts\/8230\/revisions"}],"wp:featuredmedia":[{"embeddable":true,"href":"https:\/\/esreviral.com\/index.php?rest_route=\/"}],"wp:attachment":[{"href":"https:\/\/esreviral.com\/index.php?rest_route=%2Fwp%2Fv2%2Fmedia&parent=8230"}],"wp:term":[{"taxonomy":"category","embeddable":true,"href":"https:\/\/esreviral.com\/index.php?rest_route=%2Fwp%2Fv2%2Fcategories&post=8230"},{"taxonomy":"post_tag","embeddable":true,"href":"https:\/\/esreviral.com\/index.php?rest_route=%2Fwp%2Fv2%2Ftags&post=8230"}],"curies":[{"name":"wp","href":"https:\/\/api.w.org\/{rel}","templated":true}]}}