{"id":8225,"date":"2021-07-08T19:15:03","date_gmt":"2021-07-08T22:15:03","guid":{"rendered":"http:\/\/esreviral.com\/?p=8225"},"modified":"2021-07-08T19:15:03","modified_gmt":"2021-07-08T22:15:03","slug":"la-violencia-se-apodera-de-caracas-8-muertos-y-13-heridos-fotos-y-videos","status":"publish","type":"post","link":"https:\/\/esreviral.com\/?p=8225","title":{"rendered":"La violencia se apodera de Caracas: 8 muertos y 13 heridos (+FOTOS Y VIDEOS)"},"content":{"rendered":"\n<p>Los enfrentamientos entre delincuentes y funcionarios de la Polic\u00eda Nacional Bolivariana, reportados desde el mi\u00e9rcoles en la tarde, <strong>ocasionaron las muertes de por lo menos ocho personas y heridas en otras trece.<\/strong><br>Estas cifras fueron conocidas de forma extraoficial, pues hasta el momento las autoridades no han dado parte sobre el n\u00famero de v\u00edctimas.<\/p>\n\n\n\n<p><br>El mi\u00e9rcoles en la noche, <strong>una mujer a\u00fan sin identificar muri\u00f3 al ser alcanzada por una bala cuando caminaba por la avenida Nueva Granada<\/strong>, adyacente al centro nocturno Las Tres Sirenas.<\/p>\n\n\n\n<p><br><strong>Otros dos hombres fueron atacados a tiros por hampones:<\/strong> Giovanni Rafael Bracamonte, a quien le dispararon cuando circulaba por la autopista Norte-Sur en una camioneta Trail Blazer roja. Muri\u00f3 en el t\u00fanel El Para\u00edso. Era hermano de un funcionario de la polic\u00eda cient\u00edfica, adscrito a la Divisi\u00f3n Contra Hurtos.<\/p>\n\n\n\n<figure class=\"wp-block-embed-twitter wp-block-embed is-type-rich is-provider-twitter\"><div class=\"wp-block-embed__wrapper\">\n<blockquote class=\"twitter-tweet\" data-width=\"500\" data-dnt=\"true\"><p lang=\"es\" dir=\"ltr\"><a href=\"https:\/\/twitter.com\/hashtag\/8Jul?src=hash&amp;ref_src=twsrc%5Etfw\">#8Jul<\/a> <a href=\"https:\/\/twitter.com\/hashtag\/Caracas?src=hash&amp;ref_src=twsrc%5Etfw\">#Caracas<\/a> <a href=\"https:\/\/twitter.com\/hashtag\/ElParaiso?src=hash&amp;ref_src=twsrc%5Etfw\">#ElParaiso<\/a> <a href=\"https:\/\/twitter.com\/DelmiroDeBarrio?ref_src=twsrc%5Etfw\">@DelmiroDeBarrio<\/a>: Reportan sujetos que se presume son de la banda de la Cota 905 tratando de incendiar la entrada del Novo Hotel en El Para\u00edso. <a href=\"https:\/\/t.co\/Rm4NiOlF26\">https:\/\/t.co\/Rm4NiOlF26<\/a><\/p>&mdash; Reporte Ya (@ReporteYa) <a href=\"https:\/\/twitter.com\/ReporteYa\/status\/1413231443619287046?ref_src=twsrc%5Etfw\">July 8, 2021<\/a><\/blockquote><script async src=\"https:\/\/platform.twitter.com\/widgets.js\" charset=\"utf-8\"><\/script>\n<\/div><\/figure>\n\n\n\n<p><strong>Pablo Jos\u00e9 D\u00edaz Alfonso fue herido en varias ocasiones mientras transitaba en su carro por el t\u00fanel del Cementerio.<\/strong><\/p>\n\n\n\n<p><br>En el elevado de la Cota 905, muri\u00f3 tambi\u00e9n un presunto delincuente a quien se\u00f1alaron con el alias de El Bodega.<br><\/p>\n\n\n\n<p>Entre los heridos del mi\u00e9rcoles destacan funcionarios de PoliCaracas y del Servicio Bolivariano de Inteligencia (Sebin), ambos recibieron tiros cuando las sedes fueron atacadas.<\/p>\n\n\n\n<p><br>Mientras que un hombre de 41 a\u00f1os de edad, Junior Jos\u00e9 Barreto Vera, recibi\u00f3 un tiro en la mano izquierda y fue despojado de su veh\u00edculo Chery Arauca, cuando circulaba por los t\u00faneles de El Cementerio.<\/p>\n\n\n\n<figure class=\"wp-block-embed-twitter wp-block-embed is-type-rich is-provider-twitter\"><div class=\"wp-block-embed__wrapper\">\n<blockquote class=\"twitter-tweet\" data-width=\"500\" data-dnt=\"true\"><p lang=\"es\" dir=\"ltr\"><a href=\"https:\/\/twitter.com\/hashtag\/8Jul?src=hash&amp;ref_src=twsrc%5Etfw\">#8Jul<\/a> <a href=\"https:\/\/twitter.com\/hashtag\/Caracas?src=hash&amp;ref_src=twsrc%5Etfw\">#Caracas<\/a> <a href=\"https:\/\/twitter.com\/infopublicave?ref_src=twsrc%5Etfw\">@infopublicave<\/a>: Delincuentes de la Cota 905 interceptan y roban camioneta a un conductor en la autopista, v\u00eda a los t\u00faneles de El Para\u00edso. <a href=\"https:\/\/t.co\/fi7Fn8t78Q\">pic.twitter.com\/fi7Fn8t78Q<\/a><\/p>&mdash; Reporte Ya (@ReporteYa) <a href=\"https:\/\/twitter.com\/ReporteYa\/status\/1413224354998063114?ref_src=twsrc%5Etfw\">July 8, 2021<\/a><\/blockquote><script async src=\"https:\/\/platform.twitter.com\/widgets.js\" charset=\"utf-8\"><\/script>\n<\/div><\/figure>\n\n\n\n<p><br>El mi\u00e9rcoles en la noche, integrantes de las bandas que se desplegaron en torno al Cementerio tambi\u00e9n dispararon contra la furgoneta del Servicio Nacional de Medicina y Ciencias Forenses (Senamecf). Los agentes que iban en ella tuvieron que buscar resguardo, y los antisociales se apoderaron del veh\u00edculo. Hasta ese momento, hab\u00edan levantado cuatro cad\u00e1veres. Pero no pudieron continuar con su labor. De all\u00ed que otros cuerpos quedaron durante horas en las v\u00edas p\u00fablicas.<\/p>\n\n\n\n<p><br>Ese mismo d\u00eda, en diferentes momentos, hubo disparos contra el edificio de la Divisi\u00f3n de Investigaci\u00f3n contra el Robo de Veh\u00edculos de Cicpc, en Quinta Crespo, y un m\u00f3dulo de la Polic\u00eda Nacional en ese mismo sector. M\u00e1s temprano, comandos de la polic\u00eda pol\u00edtica (Sebin) se desplegaron en torno al Helicoide al percatarse de que tambi\u00e9n era objetivo de ataque armado.<\/p>\n\n\n\n<figure class=\"wp-block-image size-large is-resized\"><img fetchpriority=\"high\" decoding=\"async\" src=\"https:\/\/crimenessincastigo.com\/wp-content\/uploads\/2021\/07\/tapanotatiros2-768x666.jpg\" alt=\"\" width=\"613\" height=\"531\"\/><\/figure>\n\n\n\n<p class=\"has-text-align-left\"><strong><span style=\"background-color:#9a1b22\" class=\"td_text_highlight_marker\">24 horas de fuego cruzado<\/span><\/strong><\/p>\n\n\n\n<p>El jueves, los tiroteos comenzaron nuevamente a las 5 am, y hasta las 2 pm hab\u00edan ocasionado por lo menos cuatro muertes. Uno de los cad\u00e1veres qued\u00f3 tendido debajo del elevado de la avenida Victoria, y otro detr\u00e1s de las residencias Villa Lorena, en El Para\u00edso.<\/p>\n\n\n\n<p><br><strong>Un parte preliminar de la Polic\u00eda Nacional inform\u00f3 sobre el fallecimiento del jefe de la estaci\u00f3n de ese cuerpo en Ant\u00edmano<\/strong>, comisionado agregado Fernando Rodr\u00edguez Agudelo, quien fue impactado en la cabeza por un proyectil mientras incursionaba en la parte alta de El Valle. Fue llevado al hospital perif\u00e9rico de Coche, al igual que el oficial jefe Jade Cortez, quien muri\u00f3 por desangramiento al ser herido en ambas piernas durante una operaci\u00f3n en el sector Los Alpes de Cementerio.<\/p>\n\n\n\n<figure class=\"wp-block-embed-twitter wp-block-embed is-type-rich is-provider-twitter\"><div class=\"wp-block-embed__wrapper\">\nhttps:\/\/twitter.com\/DelmiroDeBarrio\/status\/1413250974530035716\n<\/div><\/figure>\n\n\n\n<p><br><\/p>\n\n\n\n<p><strong>En la calle Zulia de La Vega, Mar\u00eda Prado fue alcanzada por una bala perdida, <\/strong>mientras que, en Quinta Crespo, otras dos mujeres fueron impactadas por proyectiles. Una en la pierna izquierda y otra en el hombro izquierdo. Ambas fueron auxiliadas por transe\u00fantes.<\/p>\n\n\n\n<figure class=\"wp-block-image size-large\"><img decoding=\"async\" src=\"https:\/\/pbs.twimg.com\/media\/E5xp_WzXMAozcuk?format=jpg&amp;name=900x900\" alt=\"\"\/><\/figure>\n\n\n\n<p><strong><br>En El Valle, un conductor de transporte p\u00fablico de nombre Luis Monsalves -socio de la l\u00ednea Plaza Espa\u00f1a-El Valle- tambi\u00e9n fue herido.<\/strong><br>A las 11:30 am del jueves, la ministra de Relaciones Interiores, almirante retirada Carmen Mel\u00e9ndez, anunci\u00f3 a trav\u00e9s de su cuenta Twitter que los cuerpos de seguridad implantar\u00edan un \u201ccontrol absoluto\u201d sobre las zonas en conflicto, y recomend\u00f3 a la ciudadan\u00eda mantenerse a resguardo, pues el riesgo continuaba.<\/p>\n\n\n\n<p><br>Posteriormente, grupos de mujeres salieron caminando de la Cota 905, con el prop\u00f3sito de impedir la entrada de las comisiones policiales.<\/p>\n\n\n\n<p class=\"has-text-align-right\"><strong><em>Cr\u00edmenes Sin Castigo.-<\/em><\/strong><\/p>\n\n\n\n<figure class=\"wp-block-image size-large\"><img decoding=\"async\" src=\"https:\/\/cdn.bitlymonitor.com\/wp-content\/uploads\/2021\/07\/herido-ni%C3%B1o-2.jpg\" alt=\"\"\/><figcaption>Un ni\u00f1o de 10 a\u00f1os de edad fue herido en la cabeza por un tiro<\/figcaption><\/figure>\n\n\n\n<figure class=\"wp-block-embed-twitter wp-block-embed is-type-rich is-provider-twitter\"><div class=\"wp-block-embed__wrapper\">\n<blockquote class=\"twitter-tweet\" data-width=\"500\" data-dnt=\"true\"><p lang=\"es\" dir=\"ltr\"><a href=\"https:\/\/twitter.com\/hashtag\/8Jul?src=hash&amp;ref_src=twsrc%5Etfw\">#8Jul<\/a> <a href=\"https:\/\/twitter.com\/hashtag\/Caracas?src=hash&amp;ref_src=twsrc%5Etfw\">#Caracas<\/a> <a href=\"https:\/\/twitter.com\/hashtag\/Cota905?src=hash&amp;ref_src=twsrc%5Etfw\">#Cota905<\/a> <br>Delincuentes de la Cota 905 incendiaron un autob\u00fas en las cercan\u00edas del Centro Vasco (<a href=\"https:\/\/twitter.com\/EuskoEtxeaCCS?ref_src=twsrc%5Etfw\">@EuskoEtxeaCCS<\/a>) de Caracas en El Para\u00edso, tratando de impedir ingreso de la fuerza p\u00fablica.<br>Video: <a href=\"https:\/\/twitter.com\/alexisaguirre72?ref_src=twsrc%5Etfw\">@alexisaguirre72<\/a> <a href=\"https:\/\/t.co\/yX77D371W7\">pic.twitter.com\/yX77D371W7<\/a><\/p>&mdash; Reporte Ya (@ReporteYa) <a href=\"https:\/\/twitter.com\/ReporteYa\/status\/1413250165578866688?ref_src=twsrc%5Etfw\">July 8, 2021<\/a><\/blockquote><script async src=\"https:\/\/platform.twitter.com\/widgets.js\" charset=\"utf-8\"><\/script>\n<\/div><\/figure>\n","protected":false},"excerpt":{"rendered":"<p>Los enfrentamientos entre delincuentes y funcionarios de la Polic\u00eda Nacional Bolivariana, reportados desde el mi\u00e9rcoles en la tarde, ocasionaron las muertes de por lo menos ocho personas y heridas en otras trece.Estas cifras fueron conocidas de forma extraoficial, pues hasta el momento las autoridades no han dado parte sobre el n\u00famero de v\u00edctimas. El mi\u00e9rcoles [&hellip;]<\/p>\n","protected":false},"author":2,"featured_media":8226,"comment_status":"open","ping_status":"open","sticky":false,"template":"","format":"standard","meta":{"jnews-multi-image_gallery":[],"jnews_single_post":[],"jnews_primary_category":[],"jnews_social_meta":[],"jnews_review":[],"enable_review":"","type":"","name":"","summary":"","brand":"","sku":"","good":[],"bad":[],"score_override":"","override_value":"","rating":[],"price":[],"jnews_override_counter":[],"jnews_post_split":[],"footnotes":""},"categories":[66],"tags":[329,891,954,56],"class_list":["post-8225","post","type-post","status-publish","format-standard","has-post-thumbnail","hentry","category-venezuela","tag-caracas","tag-enfrentamientos","tag-tiroteo","tag-venezuela"],"amp_enabled":true,"_links":{"self":[{"href":"https:\/\/esreviral.com\/index.php?rest_route=\/wp\/v2\/posts\/8225"}],"collection":[{"href":"https:\/\/esreviral.com\/index.php?rest_route=\/wp\/v2\/posts"}],"about":[{"href":"https:\/\/esreviral.com\/index.php?rest_route=\/wp\/v2\/types\/post"}],"author":[{"embeddable":true,"href":"https:\/\/esreviral.com\/index.php?rest_route=\/wp\/v2\/users\/2"}],"replies":[{"embeddable":true,"href":"https:\/\/esreviral.com\/index.php?rest_route=%2Fwp%2Fv2%2Fcomments&post=8225"}],"version-history":[{"count":0,"href":"https:\/\/esreviral.com\/index.php?rest_route=\/wp\/v2\/posts\/8225\/revisions"}],"wp:featuredmedia":[{"embeddable":true,"href":"https:\/\/esreviral.com\/index.php?rest_route=\/"}],"wp:attachment":[{"href":"https:\/\/esreviral.com\/index.php?rest_route=%2Fwp%2Fv2%2Fmedia&parent=8225"}],"wp:term":[{"taxonomy":"category","embeddable":true,"href":"https:\/\/esreviral.com\/index.php?rest_route=%2Fwp%2Fv2%2Fcategories&post=8225"},{"taxonomy":"post_tag","embeddable":true,"href":"https:\/\/esreviral.com\/index.php?rest_route=%2Fwp%2Fv2%2Ftags&post=8225"}],"curies":[{"name":"wp","href":"https:\/\/api.w.org\/{rel}","templated":true}]}}