{"id":8221,"date":"2021-07-08T18:40:57","date_gmt":"2021-07-08T21:40:57","guid":{"rendered":"http:\/\/esreviral.com\/?p=8221"},"modified":"2021-07-08T18:40:57","modified_gmt":"2021-07-08T21:40:57","slug":"conoce-aqui-cuales-y-cuando-son-las-nuevas-estaciones-del-subte-que-abriran","status":"publish","type":"post","link":"https:\/\/esreviral.com\/?p=8221","title":{"rendered":"Conoce aqu\u00ed cu\u00e1les y cu\u00e1ndo abrir\u00e1n las nuevas estaciones del Subte"},"content":{"rendered":"\n<p>Tras el anuncio del Jefe de Gobierno de la Ciudad de Buenos Aires, Horacio Rodr\u00edguez Larreta, se conoci\u00f3 cu\u00e1les ser\u00e1n las estaciones del Subte que <strong>abrir\u00e1n a partir del 12 de julio:<\/strong><\/p>\n\n\n\n<p>Linea A: Plaza de Mayo y Acoyte<\/p>\n\n\n\n<p>Linea B:  Callao, Dorrego y Carlos Gardel<\/p>\n\n\n\n<p>Linea C: Lavalle <\/p>\n\n\n\n<p>Linea D: Callao y Palermo<\/p>\n\n\n\n<p>Linea E: Boedo y Med. Milagrosa <\/p>\n\n\n\n<p><strong><span style=\"background-color:#9a1b22\" class=\"td_text_highlight_marker\">Mientras que a partir del 15 de julio abrir\u00e1n: <\/span><\/strong><\/p>\n\n\n\n<p>Linea A: Carabobo y Loria<\/p>\n\n\n\n<p>Linea C: San Mart\u00edn<\/p>\n\n\n\n<p>Linea E: Jos\u00e9 Mar\u00eda Moreno <\/p>\n\n\n\n<p>Linea H: Venezuela<\/p>\n","protected":false},"excerpt":{"rendered":"<p>Algunas ser\u00e1 a partir del 12 de julio y otras a partir del 15 de julio<\/p>\n","protected":false},"author":2,"featured_media":8222,"comment_status":"open","ping_status":"open","sticky":false,"template":"","format":"standard","meta":{"jnews-multi-image_gallery":[],"jnews_single_post":[],"jnews_primary_category":[],"jnews_social_meta":[],"jnews_review":[],"enable_review":"","type":"","name":"","summary":"","brand":"","sku":"","good":[],"bad":[],"score_override":"","override_value":"","rating":[],"price":[],"jnews_override_counter":[],"jnews_post_split":[],"footnotes":""},"categories":[43,58],"tags":[894,45,290],"class_list":["post-8221","post","type-post","status-publish","format-standard","has-post-thumbnail","hentry","category-actualidad","category-argentina","tag-ciudad-de-buenos-aires","tag-noticias","tag-subte"],"amp_enabled":true,"_links":{"self":[{"href":"https:\/\/esreviral.com\/index.php?rest_route=\/wp\/v2\/posts\/8221"}],"collection":[{"href":"https:\/\/esreviral.com\/index.php?rest_route=\/wp\/v2\/posts"}],"about":[{"href":"https:\/\/esreviral.com\/index.php?rest_route=\/wp\/v2\/types\/post"}],"author":[{"embeddable":true,"href":"https:\/\/esreviral.com\/index.php?rest_route=\/wp\/v2\/users\/2"}],"replies":[{"embeddable":true,"href":"https:\/\/esreviral.com\/index.php?rest_route=%2Fwp%2Fv2%2Fcomments&post=8221"}],"version-history":[{"count":0,"href":"https:\/\/esreviral.com\/index.php?rest_route=\/wp\/v2\/posts\/8221\/revisions"}],"wp:featuredmedia":[{"embeddable":true,"href":"https:\/\/esreviral.com\/index.php?rest_route=\/"}],"wp:attachment":[{"href":"https:\/\/esreviral.com\/index.php?rest_route=%2Fwp%2Fv2%2Fmedia&parent=8221"}],"wp:term":[{"taxonomy":"category","embeddable":true,"href":"https:\/\/esreviral.com\/index.php?rest_route=%2Fwp%2Fv2%2Fcategories&post=8221"},{"taxonomy":"post_tag","embeddable":true,"href":"https:\/\/esreviral.com\/index.php?rest_route=%2Fwp%2Fv2%2Ftags&post=8221"}],"curies":[{"name":"wp","href":"https:\/\/api.w.org\/{rel}","templated":true}]}}