{"id":82191,"date":"2025-10-14T10:07:32","date_gmt":"2025-10-14T15:07:32","guid":{"rendered":"https:\/\/esreviral.com\/?p=82191"},"modified":"2025-10-14T10:07:33","modified_gmt":"2025-10-14T15:07:33","slug":"noruega-respondio-con-cautela-al-inesperado-cierre-de-la-embajada-de-venezuela","status":"publish","type":"post","link":"https:\/\/esreviral.com\/?p=82191","title":{"rendered":"Noruega respondi\u00f3 con cautela al inesperado cierre de la embajada de Venezuela"},"content":{"rendered":"\n<p><strong><a href=\"https:\/\/esreviral.com\/?p=82120\" data-type=\"link\" data-id=\"https:\/\/esreviral.com\/?p=82120\">El gobierno de Venezuela cerr\u00f3 su embajada en Oslo sin ofrecer explicaciones<\/a><\/strong>, inform\u00f3 este lunes la <strong>canciller\u00eda de Noruega<\/strong>. La medida se conoci\u00f3 tres d\u00edas despu\u00e9s de que el<strong> Comit\u00e9 Noruego del Nobel otorgara el Premio de la Paz a la dirigente opositora Mar\u00eda Corina Machado.<\/strong><\/p>\n\n\n\n<p>\u201c<strong><em>La embajada de Venezuela nos inform\u00f3 que cerraba sus puertas, sin dar ninguna raz\u00f3n\u201d<\/em><\/strong>, confirm\u00f3 Cecilie Roang, portavoz del Ministerio de Relaciones Exteriores de Noruega. Roang calific\u00f3 la decisi\u00f3n como lamentable y reiter\u00f3 la disposici\u00f3n de su pa\u00eds a mantener abiertos los canales diplom\u00e1ticos.<\/p>\n\n\n\n<p>\u201c<strong><em>Es lamentable. Pese a nuestras divergencias en varios temas, Noruega desea mantener el di\u00e1logo con Venezuela y seguir\u00e1 trabajando en ese sentido\u201d<\/em><\/strong>, agreg\u00f3.<\/p>\n\n\n\n<p>La medida tom\u00f3 por sorpresa a las autoridades noruegas y elev\u00f3 las tensiones diplom\u00e1ticas entre ambos pa\u00edses. Seg\u00fan el diario Verdens Gang, la embajada venezolana dej\u00f3 de responder llamadas este lunes por la tarde y sus l\u00edneas telef\u00f3nicas ya estaban fuera de servicio.<\/p>\n\n\n\n<p class=\"has-text-align-center\"><strong><a href=\"https:\/\/chat.whatsapp.com\/KWkTmakY3I05kNdd2oZl6d\"><em>\u00daNETE A NUESTRO GRUPO DE WHATSAPP PARA ESTAR INFORMADO<\/em><\/a><\/strong><\/p>\n\n\n\n<p><strong><mark style=\"background-color:rgba(0, 0, 0, 0)\" class=\"has-inline-color has-vivid-red-color\">El Nobel y la reacci\u00f3n del gobierno venezolano<\/mark><\/strong><br>El Comit\u00e9 Noruego del Nobel explic\u00f3 que decidi\u00f3 premiar a Machado \u201c<strong><em>por su incansable trabajo en la promoci\u00f3n de los derechos democr\u00e1ticos del pueblo de Venezuela y su lucha por una transici\u00f3n justa y pac\u00edfica de la dictadura a la democracia\u201d.<\/em><\/strong><\/p>\n\n\n\n<p>La noticia gener\u00f3 fuertes reacciones en Caracas. <strong><a href=\"https:\/\/esreviral.com\/?p=82080\" data-type=\"link\" data-id=\"https:\/\/esreviral.com\/?p=82080\">Nicol\u00e1s Maduro calific\u00f3 a Machado de \u201cbruja demon\u00edaca\u201d<\/a>, <\/strong>mientras que los medios estatales minimizaron el reconocimiento, tild\u00e1ndolo de maniobra pol\u00edtica.<\/p>\n\n\n\n<p>Desde Oslo, la canciller\u00eda noruega aclar\u00f3 que el galard\u00f3n no tiene ning\u00fan v\u00ednculo con su gobierno. \u201c<strong><em>El Premio Nobel es independiente del gobierno noruego. En lo que respecta a cuestiones relacionadas con este premio, remitimos al Comit\u00e9 Nobel\u201d<\/em><\/strong>, precis\u00f3 la vocera.<\/p>\n\n\n\n<p><mark style=\"background-color:rgba(0, 0, 0, 0)\" class=\"has-inline-color has-vivid-red-color\"><strong>Machado dedica el premio al pueblo venezolano<\/strong><br><\/mark>En un mensaje difundido por medios y redes sociales, Machado, que permanece en la clandestinidad, agradeci\u00f3 el galard\u00f3n y lo dedic\u00f3 \u201c<strong><em>al pueblo sufriente de Venezuela\u201d. <\/em><\/strong>Tambi\u00e9n mencion\u00f3 al presidente de Estados Unidos, Donald Trump, de quien espera apoyo para lograr un cambio pol\u00edtico en el pa\u00eds.<\/p>\n\n\n\n<p>El cierre de la embajada venezolana en Noruega marca un nuevo cap\u00edtulo en el aislamiento diplom\u00e1tico del gobierno de Maduro y aumenta la tensi\u00f3n internacional tras el reconocimiento del Comit\u00e9 Nobel a una de las principales figuras de la oposici\u00f3n.<\/p>\n\n\n\n<p class=\"has-text-align-center\"><em><strong><em><strong><em><strong><em><strong><a href=\"https:\/\/t.me\/esreviral\">\u00daNETE A NUESTRO CANAL DE TELEGRAM PARA ESTAR INFORMADO<\/a><\/strong><\/em><\/strong><\/em><\/strong><\/em><\/strong><\/em><\/p>\n\n\n\n<p class=\"has-text-align-right\"><strong><em>Con informaci\u00f3n de EFE.-<\/em><\/strong><\/p>\n","protected":false},"excerpt":{"rendered":"<p>La portavoz del Ministerio de Relaciones Exteriores, Cecilie Roang, calific\u00f3 de lamentable la decisi\u00f3n de Caracas y expres\u00f3 el deseo de Oslo de mantener abiertos los canales diplom\u00e1ticos<\/p>\n","protected":false},"author":3,"featured_media":82192,"comment_status":"closed","ping_status":"closed","sticky":false,"template":"","format":"standard","meta":{"jnews-multi-image_gallery":[],"jnews_single_post":{"format":"standard"},"jnews_primary_category":[],"jnews_social_meta":[],"jnews_review":[],"enable_review":"","type":"","name":"","summary":"","brand":"","sku":"","good":[],"bad":[],"score_override":"","override_value":"","rating":[],"price":[],"jnews_override_counter":[],"jnews_post_split":[],"footnotes":""},"categories":[88,59],"tags":[36781,1964,8219,36703,10527,45,1841,56],"class_list":["post-82191","post","type-post","status-publish","format-standard","has-post-thumbnail","hentry","category-internacionales","category-politica","tag-cancilleria-de-noruega","tag-embajada-de-venezuela","tag-gobierno-de-nicolas-maduro","tag-nobel-de-la-paz-2025","tag-noruega","tag-noticias","tag-relaciones-diplomaticas","tag-venezuela"],"_links":{"self":[{"href":"https:\/\/esreviral.com\/index.php?rest_route=\/wp\/v2\/posts\/82191","targetHints":{"allow":["GET"]}}],"collection":[{"href":"https:\/\/esreviral.com\/index.php?rest_route=\/wp\/v2\/posts"}],"about":[{"href":"https:\/\/esreviral.com\/index.php?rest_route=\/wp\/v2\/types\/post"}],"author":[{"embeddable":true,"href":"https:\/\/esreviral.com\/index.php?rest_route=\/wp\/v2\/users\/3"}],"replies":[{"embeddable":true,"href":"https:\/\/esreviral.com\/index.php?rest_route=%2Fwp%2Fv2%2Fcomments&post=82191"}],"version-history":[{"count":1,"href":"https:\/\/esreviral.com\/index.php?rest_route=\/wp\/v2\/posts\/82191\/revisions"}],"predecessor-version":[{"id":82193,"href":"https:\/\/esreviral.com\/index.php?rest_route=\/wp\/v2\/posts\/82191\/revisions\/82193"}],"wp:featuredmedia":[{"embeddable":true,"href":"https:\/\/esreviral.com\/index.php?rest_route=\/wp\/v2\/media\/82192"}],"wp:attachment":[{"href":"https:\/\/esreviral.com\/index.php?rest_route=%2Fwp%2Fv2%2Fmedia&parent=82191"}],"wp:term":[{"taxonomy":"category","embeddable":true,"href":"https:\/\/esreviral.com\/index.php?rest_route=%2Fwp%2Fv2%2Fcategories&post=82191"},{"taxonomy":"post_tag","embeddable":true,"href":"https:\/\/esreviral.com\/index.php?rest_route=%2Fwp%2Fv2%2Ftags&post=82191"}],"curies":[{"name":"wp","href":"https:\/\/api.w.org\/{rel}","templated":true}]}}