{"id":82129,"date":"2025-10-13T14:05:07","date_gmt":"2025-10-13T19:05:07","guid":{"rendered":"https:\/\/esreviral.com\/?p=82129"},"modified":"2025-10-13T14:05:08","modified_gmt":"2025-10-13T19:05:08","slug":"no-puedo-creer-que-pari-a-un-asesino-dijo-la-mama-del-acusado-del-doble-femicidio","status":"publish","type":"post","link":"https:\/\/esreviral.com\/?p=82129","title":{"rendered":"\u201cNo puedo creer que par\u00ed a un asesino\u201d, \u00a0dijo la mam\u00e1 del acusado del doble femicidio"},"content":{"rendered":"\n<p><strong>Estrella<\/strong>, madre de <strong>Pablo Laurta<\/strong>, acusado de asesinar a su expareja y a su exsuegra en C\u00f3rdoba, revel\u00f3 detalles de la relaci\u00f3n que manten\u00eda con su hijo y asegur\u00f3 que <strong>no se llevaba bien con \u00e9l<\/strong>.<\/p>\n\n\n\n<p class=\"has-text-align-center\"><strong><a href=\"https:\/\/chat.whatsapp.com\/KWkTmakY3I05kNdd2oZl6d\"><em>\u00daNETE A NUESTRO GRUPO DE WHATSAPP PARA ESTAR INFORMADO<\/em><\/a><\/strong><\/p>\n\n\n\n<p class=\"has-text-align-center\"><strong><em><mark style=\"background-color:rgba(0, 0, 0, 0)\" class=\"has-inline-color has-vivid-red-color\"><a href=\"https:\/\/esreviral.com\/?p=82094\" data-type=\"link\" data-id=\"https:\/\/esreviral.com\/?p=82094\">Lea Tambi\u00e9n: Mira el video de la detenci\u00f3n del hombre acusado de doble femicidio y del secuestro de su hijo<\/a><\/mark><\/em><\/strong><\/p>\n\n\n<div class=\"wp-block-image\">\n<figure class=\"aligncenter size-large\"><img decoding=\"async\" src=\"https:\/\/tn.com.ar\/resizer\/v2\/el-doble-femicida-tapo-a-las-victimas-con-una-sabana-y-escapo-foto-captura-tn-PJOUWF7WWVD4NCC6OHDPA236XA.PNG?auth=c6c14ad39e1636a1a9911372f19049120aed6e9bbf51467a0fb692b7a365622d&amp;width=1440\" alt=\"\"\/><figcaption class=\"wp-element-caption\">El doble f<strong>emicida tap\u00f3 a las v\u00edctimas con una s\u00e1bana y escap\u00f3.-<\/strong><\/figcaption><\/figure><\/div>\n\n\n<p><\/p>\n\n\n\n<p><strong><em>\u201cNo puedo creer que par\u00ed a un asesino. Mi hijo mat\u00f3 cruelmente. No s\u00e9 c\u00f3mo le vamos a explicar esto a mi nieto\u201d<\/em><\/strong>, expres\u00f3 entre l\u00e1grimas.<\/p>\n\n\n\n<p>Seg\u00fan cont\u00f3, su hijo <strong>no aceptaba que Luna se hubiera trasladado a C\u00f3rdoba con su madre<\/strong>. Entre enero y febrero de 2024, Laurta estuvo <strong>detenido por desacato a la autoridad<\/strong> tras esconderse en el techo de la casa de Luna. Durante ese tiempo, Estrella afirm\u00f3 que pidi\u00f3 que se le realizara <strong>una pericia psiqui\u00e1trica<\/strong>, pero nunca se concret\u00f3.<\/p>\n\n\n\n<p>\u201cConoc\u00eda muy bien a Luna y a su madre; siempre tuve buen trato con ellas. Cuando vi las im\u00e1genes de \u00e9l con Pedro, entend\u00ed que no le iba a hacer nada\u201d, relat\u00f3. Aclar\u00f3 que, durante a\u00f1os, su hijo <strong>gener\u00f3 odio hacia su exsuegra y luego hacia Luna<\/strong> por no poder ver a su hijo.<\/p>\n\n\n\n<p>Sobre la p\u00e1gina web <strong>\u201cVarones unidos\u201d<\/strong>, Estrella cont\u00f3 que se enter\u00f3 por un compa\u00f1ero de trabajo que su hijo estaba detr\u00e1s de la plataforma, en la que publicaba contenido <strong>antig\u00e9nero y antifeminista<\/strong>.<\/p>\n\n\n\n<figure class=\"wp-block-image size-large\"><img decoding=\"async\" src=\"https:\/\/tn.com.ar\/resizer\/v2\/luna-y-mariel-las-victimas-del-doble-femicidio-en-cordoba-foto-facebook-luna-giardina-el-radar-RGFYMF6H7BAHXP2MGMJ7Y6EARQ.png?auth=35a3492969110f114a0be84a31e016bcb943f1586f85c1207ba756833e500cb2&amp;width=1440\" alt=\"\"\/><figcaption class=\"wp-element-caption\">Luna y Mariel, las v\u00edctimas del doble femicidio en C\u00f3rdoba.\u00a0<\/figcaption><\/figure>\n\n\n\n<p><\/p>\n\n\n\n<p>\u201cHoy mi nieto est\u00e1 solo en el mundo\u201d, lament\u00f3, y a\u00f1adi\u00f3 que <strong>no sabe c\u00f3mo su hijo logr\u00f3 ingresar desde Uruguay a Argentina por un paso ilegal<\/strong>.<\/p>\n\n\n\n<p>Finalmente, sobre <strong>el remisero desaparecido<\/strong>, a quien la Justicia sospecha que Laurta pudo haber matado, dijo que <strong>no sabe qui\u00e9n es ni qu\u00e9 relaci\u00f3n ten\u00eda su hijo con \u00e9l<\/strong>.<\/p>\n\n\n\n<p class=\"has-text-align-center\"><em><strong><em><strong><em><strong><em><strong><a href=\"https:\/\/t.me\/esreviral\">\u00daNETE A NUESTRO CANAL DE TELEGRAM PARA ESTAR INFORMADO<\/a><\/strong><\/em><\/strong><\/em><\/strong><\/em><\/strong><\/em><\/p>\n\n\n\n<p class=\"has-text-align-center\"><strong><em><mark style=\"background-color:rgba(0, 0, 0, 0)\" class=\"has-inline-color has-vivid-red-color\"><a href=\"https:\/\/esreviral.com\/?p=82112\" data-type=\"link\" data-id=\"https:\/\/esreviral.com\/?p=82112\">Lea Tambi\u00e9n: Encontraron la billetera del taxista desaparecido ligado al doble femicidio<\/a><\/mark><\/em><\/strong><\/p>\n\n\n\n<p class=\"has-text-align-right\"><strong><em>Con Informaci\u00f3n de\u00a0TN.-<\/em><\/strong><\/p>\n","protected":false},"excerpt":{"rendered":"<p>La mujer sostuvo que no ten\u00eda buena relaci\u00f3n con Pablo Laurta y que estaba preocupada por \u00e9l por los comportamientos que ten\u00eda. \u201cHoy mi nieto est\u00e1 solo en el mundo\u201d, se lament\u00f3.<\/p>\n","protected":false},"author":3,"featured_media":82095,"comment_status":"closed","ping_status":"closed","sticky":false,"template":"","format":"standard","meta":{"jnews-multi-image_gallery":[],"jnews_single_post":{"format":"standard"},"jnews_primary_category":[],"jnews_social_meta":[],"jnews_review":[],"enable_review":"","type":"","name":"","summary":"","brand":"","sku":"","good":[],"bad":[],"score_override":"","override_value":"","rating":[],"price":[],"jnews_override_counter":[],"jnews_post_split":[],"footnotes":""},"categories":[64],"tags":[44,281,898,7530,8282,17517,31783,45],"class_list":["post-82129","post","type-post","status-publish","format-standard","has-post-thumbnail","hentry","category-sucesos","tag-argentina","tag-asesinato","tag-cordoba","tag-estrella","tag-hijo","tag-hombre","tag-madre","tag-noticias"],"amp_enabled":true,"_links":{"self":[{"href":"https:\/\/esreviral.com\/index.php?rest_route=\/wp\/v2\/posts\/82129"}],"collection":[{"href":"https:\/\/esreviral.com\/index.php?rest_route=\/wp\/v2\/posts"}],"about":[{"href":"https:\/\/esreviral.com\/index.php?rest_route=\/wp\/v2\/types\/post"}],"author":[{"embeddable":true,"href":"https:\/\/esreviral.com\/index.php?rest_route=\/wp\/v2\/users\/3"}],"replies":[{"embeddable":true,"href":"https:\/\/esreviral.com\/index.php?rest_route=%2Fwp%2Fv2%2Fcomments&post=82129"}],"version-history":[{"count":1,"href":"https:\/\/esreviral.com\/index.php?rest_route=\/wp\/v2\/posts\/82129\/revisions"}],"predecessor-version":[{"id":82130,"href":"https:\/\/esreviral.com\/index.php?rest_route=\/wp\/v2\/posts\/82129\/revisions\/82130"}],"wp:featuredmedia":[{"embeddable":true,"href":"https:\/\/esreviral.com\/index.php?rest_route=\/wp\/v2\/media\/82095"}],"wp:attachment":[{"href":"https:\/\/esreviral.com\/index.php?rest_route=%2Fwp%2Fv2%2Fmedia&parent=82129"}],"wp:term":[{"taxonomy":"category","embeddable":true,"href":"https:\/\/esreviral.com\/index.php?rest_route=%2Fwp%2Fv2%2Fcategories&post=82129"},{"taxonomy":"post_tag","embeddable":true,"href":"https:\/\/esreviral.com\/index.php?rest_route=%2Fwp%2Fv2%2Ftags&post=82129"}],"curies":[{"name":"wp","href":"https:\/\/api.w.org\/{rel}","templated":true}]}}