{"id":81980,"date":"2025-10-08T09:58:44","date_gmt":"2025-10-08T14:58:44","guid":{"rendered":"https:\/\/esreviral.com\/?p=81980"},"modified":"2025-10-08T09:58:45","modified_gmt":"2025-10-08T14:58:45","slug":"apple-lanzo-ios-26-1-beta-2-con-bastantes-cambios","status":"publish","type":"post","link":"https:\/\/esreviral.com\/?p=81980","title":{"rendered":"Apple lanz\u00f3 iOS 26.1 beta 2 con bastantes cambios"},"content":{"rendered":"\n<p>Dos semanas. Ese ha sido el tiempo que Apple ha necesitado para lanzar la segunda beta de iOS 26.1. Si&nbsp;<a href=\"https:\/\/www.applesfera.com\/ios\/he-probado-beta-ios-26-1-mi-iphone-vuela-apple-te-permite-instalarla-adelantarte-a-su-lanzamiento-octubre\">la primera beta<\/a>&nbsp;ya nos sorprendi\u00f3 con cambios que iban m\u00e1s all\u00e1 de lo esperado, esta segunda confirma algo que venimos viendo en los \u00faltimos meses:&nbsp;<strong>Apple no tiene miedo a cambiar decisiones que ya estaban tomas<\/strong>, incluso si eso significa dar un giro respecto a lo anunciado inicialmente.<\/p>\n\n\n\n<p>La beta 2 de iOS 26.1 trae consigo un pu\u00f1ado de novedades. Desde cambios para que no apagues sin querer la alarma del despertador, hasta decisiones m\u00e1s trascendentales como&nbsp;<strong>el regreso de Slide Over al iPad<\/strong>. Tambi\u00e9n hay cambios visuales, ajustes en la interfaz y ese trabajo invisible pero fundamental de estabilidad que hace que el sistema se sienta m\u00e1s maduro.<\/p>\n\n\n\n<p><strong><a href=\"https:\/\/chat.whatsapp.com\/KWkTmakY3I05kNdd2oZl6d\">\u00daNETE A NUESTRO GRUPO DE WHATSAPP PARA ESTAR INFORMADO<\/a><\/strong><\/p>\n\n\n\n<p>Esta beta est\u00e1 disponible desde ayer, lunes 6 de octubre, para desarrolladores que cuenten con su cuenta correspondiente. La versi\u00f3n&nbsp;<a href=\"https:\/\/www.applesfera.com\/tutoriales\/como-instalar-beta-iphone\">beta p\u00fablica<\/a>, que es la que recomendamos a la mayor\u00eda de usuarios, deber\u00eda llegar a lo largo de hoy, martes 7, o ma\u00f1ana, mi\u00e9rcoles 8 de octubre. Como siempre, nuestra recomendaci\u00f3n es que si no eres desarrollador y no necesitas probar ya estas novedades, esperes a la beta p\u00fablica o directamente a&nbsp;<strong>la versi\u00f3n final, que llegar\u00e1 a finales de octubre<\/strong>.<\/p>\n\n\n\n<h2 class=\"wp-block-heading\"><strong><mark style=\"background-color:rgba(0, 0, 0, 0)\" class=\"has-inline-color has-vivid-red-color\">Adi\u00f3s a silenciar la alarma accidentalmente<\/mark><\/strong><\/h2>\n\n\n\n<p>Apple ha escuchado y, en iOS 26.1 beta 2, ha implementado un cambio que, adem\u00e1s, es un gui\u00f1o nost\u00e1lgico: el bot\u00f3n de \u00abDetener\u00bb<strong>&nbsp;ahora es un deslizador. S\u00ed, como el cl\u00e1sico \u00abDeslizar para desbloquear\u00bb<\/strong>&nbsp;que marc\u00f3 toda una era del iPhone. Ahora, para posponer la alarma sigues pudiendo tocar la pantalla, pero para apagarla definitivamente necesitas hacer un gesto de deslizamiento consciente.<\/p>\n\n\n\n<figure class=\"wp-block-image\"><img decoding=\"async\" src=\"https:\/\/i.blogs.es\/61a647\/alarma\/450_1000.webp\" alt=\"Alarma\"\/><\/figure>\n\n\n\n<h2 class=\"wp-block-heading\"><strong><mark style=\"background-color:rgba(0, 0, 0, 0)\" class=\"has-inline-color has-vivid-red-color\">Slide Over vuelve al iPad (y era necesario)<\/mark><\/strong><\/h2>\n\n\n\n<p>Esta es, probablemente, la noticia m\u00e1s grande de esta beta para los usuarios de iPad. Cuando Apple lanz\u00f3&nbsp;<a href=\"https:\/\/www.applesfera.com\/ipados\/ipados-26-llega-hoy-fin-se-cumple-eterna-promesa-apple-convertir-ipad-ordenado\">iPadOS 26<\/a>, tom\u00f3 una decisi\u00f3n radical: eliminar Slide Over y Split View para apostar completamente por un sistema de multitarea basado en ventanas, al estilo Mac. La idea era buena sobre el papel, pero en la pr\u00e1ctica<strong>&nbsp;muchos usuarios echaron de menos esa app flotante&nbsp;<\/strong>que pod\u00edas deslizar r\u00e1pidamente sin interrumpir tu flujo de trabajo.<\/p>\n\n\n\n<p>El nuevo dise\u00f1o de alarmas que lleg\u00f3 con&nbsp;<a href=\"https:\/\/www.applesfera.com\/nuevo\/ios-19-informacion\">iOS 26<\/a>&nbsp;caus\u00f3 pol\u00e9mica. Esos dos botones grandes e id\u00e9nticos para posponer y detener la alarma eran una receta perfecta para el desastre matutino:&nbsp;<strong>demasiado f\u00e1cil equivocarse y apagar el despertador<\/strong>&nbsp;cuando lo \u00fanico que quer\u00edas era tener cinco minutos m\u00e1s en la cama.<\/p>\n\n\n\n<figure class=\"wp-block-image\"><img decoding=\"async\" src=\"https:\/\/i.blogs.es\/e1c9ae\/slide-over\/450_1000.webp\" alt=\"Slide Over\"\/><\/figure>\n\n\n\n<p>Apple ha dado marcha atr\u00e1s, al menos parcialmente. En iPadOS 26.1 beta 2, Slide Over regresa. Eso s\u00ed, con matices: ahora solo puedes tener una app en Slide Over a la vez, no el stack de apps que ten\u00edamos antes. Pero la buena noticia es que funciona junto con el nuevo sistema de ventanas. Puedes tener m\u00faltiples ventanas abiertas en tu espacio de trabajo y, al mismo tiempo, deslizar una app en Slide Over para consultarla. Para activarla,<strong>&nbsp;basta con tocar el bot\u00f3n verde de redimensionar ventanas y seleccionar \u00abActivar Slide Over\u00bb<\/strong>.<\/p>\n\n\n\n<p><em><strong><em><strong><em><strong><em><strong><a href=\"https:\/\/t.me\/esreviral\">\u00daNETE A NUESTRO CANAL DE TELEGRAM PARA ESTAR INFORMADO<\/a><\/strong><\/em><\/strong><\/em><\/strong><\/em><\/strong><\/em><\/p>\n\n\n\n<figure class=\"wp-block-image\"><img decoding=\"async\" src=\"https:\/\/i.blogs.es\/2d20b1\/silde-over-ipad\/450_1000.webp\" alt=\"Silde Over Ipad\"\/><\/figure>\n\n\n\n<h2 class=\"wp-block-heading\"><strong><mark style=\"background-color:rgba(0, 0, 0, 0)\" class=\"has-inline-color has-vivid-red-color\">Micr\u00f3fonos externos con m\u00e1s control<\/mark><\/strong><\/h2>\n\n\n\n<p>Si eres creador de contenido o trabajas con audio en tu iPad, hay una mejora que llevaba tiempo pidi\u00e9ndose: el control de ganancia para micr\u00f3fonos externos. En la beta 2, ahora puedes ajustar la ganancia de entrada directamente&nbsp;<strong>desde el panel de entrada del Centro de Control<\/strong>. Adem\u00e1s, puedes personalizar d\u00f3nde se guardan las grabaciones de audio capturadas localmente, un detalle que facilita mucho el flujo de trabajo para quienes graban p\u00f3dcasts, v\u00eddeos o cualquier contenido que requiera audio de calidad.<\/p>\n\n\n\n<figure class=\"wp-block-image\"><img decoding=\"async\" src=\"https:\/\/i.blogs.es\/3f0660\/microfono\/450_1000.webp\" alt=\"Microfono\"\/><\/figure>\n\n\n\n<h2 class=\"wp-block-heading\"><strong><mark style=\"background-color:rgba(0, 0, 0, 0)\" class=\"has-inline-color has-vivid-red-color\">Entrenamientos personalizados y m\u00e1s cambios<\/mark><\/strong><\/h2>\n\n\n\n<p>En la app de Fitness del iPhone ahora puedes crear entrenamientos personalizados desde cero.&nbsp;<strong>Puedes elegir el tipo de entrenamiento<\/strong>, las calor\u00edas activas estimadas, el nivel de esfuerzo, la duraci\u00f3n y hasta la hora de inicio.<\/p>\n\n\n\n<figure class=\"wp-block-image\"><img decoding=\"async\" src=\"https:\/\/i.blogs.es\/396e49\/entrenamientos\/450_1000.webp\" alt=\"Entrenamientos\"\/><\/figure>\n\n\n\n<p>Apple ha hecho varios cambios de alineaci\u00f3n en la interfaz. En la app de Ajustes, todos los encabezados con<strong>&nbsp;texto ahora est\u00e1n alineados a la izquierda&nbsp;<\/strong>en lugar de centrados. Esto afecta a secciones como General, Bluetooth, Wi-Fi, Datos m\u00f3viles y Accesibilidad. El mismo tratamiento se aplica a las carpetas de la pantalla de inicio: cuando tocas una carpeta, su nombre aparece alineado a la izquierda.<\/p>\n\n\n\n<figure class=\"wp-block-image\"><img decoding=\"async\" src=\"https:\/\/i.blogs.es\/6e5357\/ios-26\/450_1000.webp\" alt=\"Ios 26\"\/><\/figure>\n\n\n\n<p>Hay m\u00e1s detalles t\u00e9cnicos bajo el cap\u00f3. En la app de&nbsp;<a href=\"https:\/\/www.applesfera.com\/analisis\/apple-vision-pro-analisis-caracteristicas-precio-especificaciones\">Apple Vision Pro<\/a>, ahora se usa un modelo 3D para representar el dispositivo, quiz\u00e1s en preparaci\u00f3n para el&nbsp;<a href=\"https:\/\/www.applesfera.com\/rumores\/madre-todas-filtraciones-apple-realidad-confirmacion-tres-nuevos-productos-llegaran-mes-que-viene\">Vision Pro con M5<\/a>&nbsp;que se espera este mes. Y en la secci\u00f3n de Pantalla,&nbsp;<strong>los fondos de pantalla de ejemplo ahora muestran los de iOS 26&nbsp;<\/strong>en lugar de los de iOS 18.<\/p>\n\n\n\n<h2 class=\"wp-block-heading\"><strong><mark style=\"background-color:rgba(0, 0, 0, 0)\" class=\"has-inline-color has-vivid-red-color\">Un ciclo de desarrollo que avanza r\u00e1pido<\/mark><\/strong><\/h2>\n\n\n\n<p>La sensaci\u00f3n general tras probar esta segunda beta es muy buena. El rendimiento se siente m\u00e1s estable que en la beta 1, y todos estos cambios, especialmente el de las alarmas y el regreso de Slide Over, demuestran que&nbsp;<strong>Apple est\u00e1 refinando iOS 26 y iPadOS 26<\/strong>&nbsp;bas\u00e1ndose en el uso real de cada uno de nosotros.<\/p>\n\n\n\n<p>A\u00fan quedan una o dos betas m\u00e1s antes de que la versi\u00f3n final de iOS 26.1 llegue a todos los iPhone y iPad. La fecha m\u00e1s probable es finales de octubre,&nbsp;<strong>posiblemente alrededor del d\u00eda 27<\/strong>. Como siempre, en Applesfera seguiremos instalando cada nueva beta para contarte todas las novedades al instante. Porque, aunque estas actualizaciones \u00ab.1\u00bb parezcan menores sobre el papel, la realidad es que son las que&nbsp;<strong>terminan de pulir la experiencia y<\/strong>&nbsp;corrigen esos puntos que hacen la diferencia entre un sistema operativo bueno y uno excelente.<\/p>\n\n\n\n<p class=\"has-text-align-right\"><strong><em>Appleesfera.com.-<\/em><\/strong><\/p>\n","protected":false},"excerpt":{"rendered":"<p>Dos semanas. Ese ha sido el tiempo que Apple ha necesitado para lanzar la segunda beta de iOS 26.1. Si&nbsp;la primera beta&nbsp;ya nos sorprendi\u00f3 con cambios que iban m\u00e1s all\u00e1 de lo esperado, esta segunda confirma algo que venimos viendo en los \u00faltimos meses:&nbsp;Apple no tiene miedo a cambiar decisiones que ya estaban tomas, incluso [&hellip;]<\/p>\n","protected":false},"author":2,"featured_media":81982,"comment_status":"closed","ping_status":"closed","sticky":false,"template":"","format":"standard","meta":{"jnews-multi-image_gallery":[],"jnews_single_post":{"format":"standard"},"jnews_primary_category":[],"jnews_social_meta":[],"jnews_review":[],"enable_review":"","type":"","name":"","summary":"","brand":"","sku":"","good":[],"bad":[],"score_override":"","override_value":"","rating":[],"price":[],"jnews_override_counter":[],"jnews_post_split":[],"footnotes":""},"categories":[1165],"tags":[44,3264,45,67],"class_list":["post-81980","post","type-post","status-publish","format-standard","has-post-thumbnail","hentry","category-tecnologia","tag-argentina","tag-iphone","tag-noticias","tag-venezolanos-en-argentina"],"amp_enabled":true,"_links":{"self":[{"href":"https:\/\/esreviral.com\/index.php?rest_route=\/wp\/v2\/posts\/81980"}],"collection":[{"href":"https:\/\/esreviral.com\/index.php?rest_route=\/wp\/v2\/posts"}],"about":[{"href":"https:\/\/esreviral.com\/index.php?rest_route=\/wp\/v2\/types\/post"}],"author":[{"embeddable":true,"href":"https:\/\/esreviral.com\/index.php?rest_route=\/wp\/v2\/users\/2"}],"replies":[{"embeddable":true,"href":"https:\/\/esreviral.com\/index.php?rest_route=%2Fwp%2Fv2%2Fcomments&post=81980"}],"version-history":[{"count":1,"href":"https:\/\/esreviral.com\/index.php?rest_route=\/wp\/v2\/posts\/81980\/revisions"}],"predecessor-version":[{"id":81984,"href":"https:\/\/esreviral.com\/index.php?rest_route=\/wp\/v2\/posts\/81980\/revisions\/81984"}],"wp:featuredmedia":[{"embeddable":true,"href":"https:\/\/esreviral.com\/index.php?rest_route=\/wp\/v2\/media\/81982"}],"wp:attachment":[{"href":"https:\/\/esreviral.com\/index.php?rest_route=%2Fwp%2Fv2%2Fmedia&parent=81980"}],"wp:term":[{"taxonomy":"category","embeddable":true,"href":"https:\/\/esreviral.com\/index.php?rest_route=%2Fwp%2Fv2%2Fcategories&post=81980"},{"taxonomy":"post_tag","embeddable":true,"href":"https:\/\/esreviral.com\/index.php?rest_route=%2Fwp%2Fv2%2Ftags&post=81980"}],"curies":[{"name":"wp","href":"https:\/\/api.w.org\/{rel}","templated":true}]}}