{"id":81972,"date":"2025-10-08T09:48:52","date_gmt":"2025-10-08T14:48:52","guid":{"rendered":"https:\/\/esreviral.com\/?p=81972"},"modified":"2025-10-08T09:48:53","modified_gmt":"2025-10-08T14:48:53","slug":"decretan-feriado-el-lunes-13-de-octubre-y-habra-un-fin-de-semana-xl-de-4-dias","status":"publish","type":"post","link":"https:\/\/esreviral.com\/?p=81972","title":{"rendered":"Decretan feriado el lunes 13 de octubre y habr\u00e1 un fin de semana XL de 4 d\u00edas"},"content":{"rendered":"\n<p>Miles de trabajadores\u00a0tendr\u00e1n la oportunidad de disfrutar de un\u00a0<strong><strong>feriado<\/strong>\u00a0<\/strong>el pr\u00f3ximo\u00a0<strong>lunes 13 de octubre,\u00a0<\/strong>que dar\u00e1 lugar a un nuevo\u00a0<strong>fin de semana XL\u00a0<\/strong>de 4 jornadas en el inicio de la primavera, ya que este asueto se incorpora a los\u00a0<strong>3 d\u00edas de descanso\u00a0<\/strong>por el\u00a0D\u00eda de la Raza que se movi\u00f3 al viernes 10.\u00a0<\/p>\n\n\n\n<p><br>El feriado tendr\u00e1 lugar el pr\u00f3ximo lunes 13 de octubre, lo que permite extender el pr\u00f3ximo fin de semana largo del viernes 10 al domingo 12 de octubre a un cuarto d\u00eda adicional y <strong>ser\u00e1n en los siguientes partidos:<\/strong><\/p>\n\n\n\n<p>Garr\u00e9.<\/p>\n\n\n\n<p>Gahan.<\/p>\n\n\n\n<p>Urquiza.<\/p>\n\n\n\n<h2 class=\"wp-block-heading\" id=\"quienes-tendra-feriado-el-lunes-13-de-octubre\"><strong><mark style=\"background-color:rgba(0, 0, 0, 0)\" class=\"has-inline-color has-vivid-red-color\">\u00bfQui\u00e9nes tendr\u00e1 feriado el lunes 13 de octubre?<\/mark><\/strong><\/h2>\n\n\n\n<p>Por el aniversario fundacional de estas localidades habr\u00e1 cese de tareas para el\u00a0sector p\u00fablico\u00a0y ser\u00e1 una jornada no laborable opcional para los privados que reciban el permiso de sus empleadores.<\/p>\n\n\n\n<p class=\"has-text-align-right\"><strong><em>Con informaci\u00f3n de El Cronista.- <\/em><\/strong><\/p>\n","protected":false},"excerpt":{"rendered":"<p>Miles de trabajadores\u00a0tendr\u00e1n la oportunidad de disfrutar de un\u00a0feriado\u00a0el pr\u00f3ximo\u00a0lunes 13 de octubre,\u00a0que dar\u00e1 lugar a un nuevo\u00a0fin de semana XL\u00a0de 4 jornadas en el inicio de la primavera, ya que este asueto se incorpora a los\u00a03 d\u00edas de descanso\u00a0por el\u00a0D\u00eda de la Raza que se movi\u00f3 al viernes 10.\u00a0 El feriado tendr\u00e1 lugar el [&hellip;]<\/p>\n","protected":false},"author":2,"featured_media":81974,"comment_status":"closed","ping_status":"closed","sticky":false,"template":"","format":"standard","meta":{"jnews-multi-image_gallery":[],"jnews_single_post":{"format":"standard"},"jnews_primary_category":[],"jnews_social_meta":[],"jnews_review":[],"enable_review":"","type":"","name":"","summary":"","brand":"","sku":"","good":[],"bad":[],"score_override":"","override_value":"","rating":[],"price":[],"jnews_override_counter":[],"jnews_post_split":[],"footnotes":""},"categories":[58],"tags":[44,45,67],"class_list":["post-81972","post","type-post","status-publish","format-standard","has-post-thumbnail","hentry","category-argentina","tag-argentina","tag-noticias","tag-venezolanos-en-argentina"],"amp_enabled":true,"_links":{"self":[{"href":"https:\/\/esreviral.com\/index.php?rest_route=\/wp\/v2\/posts\/81972"}],"collection":[{"href":"https:\/\/esreviral.com\/index.php?rest_route=\/wp\/v2\/posts"}],"about":[{"href":"https:\/\/esreviral.com\/index.php?rest_route=\/wp\/v2\/types\/post"}],"author":[{"embeddable":true,"href":"https:\/\/esreviral.com\/index.php?rest_route=\/wp\/v2\/users\/2"}],"replies":[{"embeddable":true,"href":"https:\/\/esreviral.com\/index.php?rest_route=%2Fwp%2Fv2%2Fcomments&post=81972"}],"version-history":[{"count":1,"href":"https:\/\/esreviral.com\/index.php?rest_route=\/wp\/v2\/posts\/81972\/revisions"}],"predecessor-version":[{"id":81975,"href":"https:\/\/esreviral.com\/index.php?rest_route=\/wp\/v2\/posts\/81972\/revisions\/81975"}],"wp:featuredmedia":[{"embeddable":true,"href":"https:\/\/esreviral.com\/index.php?rest_route=\/wp\/v2\/media\/81974"}],"wp:attachment":[{"href":"https:\/\/esreviral.com\/index.php?rest_route=%2Fwp%2Fv2%2Fmedia&parent=81972"}],"wp:term":[{"taxonomy":"category","embeddable":true,"href":"https:\/\/esreviral.com\/index.php?rest_route=%2Fwp%2Fv2%2Fcategories&post=81972"},{"taxonomy":"post_tag","embeddable":true,"href":"https:\/\/esreviral.com\/index.php?rest_route=%2Fwp%2Fv2%2Ftags&post=81972"}],"curies":[{"name":"wp","href":"https:\/\/api.w.org\/{rel}","templated":true}]}}