{"id":81871,"date":"2025-10-06T07:18:58","date_gmt":"2025-10-06T12:18:58","guid":{"rendered":"https:\/\/esreviral.com\/?p=81871"},"modified":"2025-10-06T07:18:59","modified_gmt":"2025-10-06T12:18:59","slug":"mas-de-70-personas-participaron-en-jornada-de-convalidacion-de-titulos-profesionales-en-tres-de-febrero","status":"publish","type":"post","link":"https:\/\/esreviral.com\/?p=81871","title":{"rendered":"M\u00e1s de 70 personas participaron en jornada de convalidaci\u00f3n de t\u00edtulos profesionales en Tres de Febrero"},"content":{"rendered":"\n<p>La Municipalidad de Tres de Febrero, Alianza por Venezuela y las asociaciones de m\u00e9dicos, abogados, educadores, odont\u00f3logos e ingenieros venezolanos en Argentina organizaron una <strong>nueva jornada de convalidaci\u00f3n de t\u00edtulos profesionales,<\/strong> en la que m\u00e1s de 70 personas recibieron orientaci\u00f3n sobre c\u00f3mo realizar sus tr\u00e1mites y avanzar en su inserci\u00f3n laboral.<\/p>\n\n\n\n<p><strong><a href=\"https:\/\/chat.whatsapp.com\/KWkTmakY3I05kNdd2oZl6d\"><em>\u00daNETE A NUESTRO GRUPO DE WHATSAPP PARA ESTAR INFORMADO<\/em><\/a><\/strong><\/p>\n\n\n\n<p>\u201cEstas jornadas son clave para acompa\u00f1ar a nuestra comunidad migrante y brindarles herramientas que les permitan desarrollar sus talentos y <strong>contribuir al crecimiento socioproductivo de Argentina\u201d, a<\/strong>firm\u00f3 Liset Luque, presidenta de Alianza por Venezuela.<\/p>\n\n\n\n<p>La actividad cont\u00f3 con la participaci\u00f3n de la Asociaci\u00f3n de M\u00e9dicos Venezolanos en Argentina (Asomevenar), la Asociaci\u00f3n de Profesionales Docentes Venezolanos en Argentina (CREEducaci\u00f3n), la Asociaci\u00f3n de Odont\u00f3logos Venezolanos en Argentina (Asovea), la Asociaci\u00f3n de Abogados Venezolanos en Argentina (Abogar) y la Asociaci\u00f3n de Ingenieros Venezolanos en Argentina (Invenar), y<strong> tuvo como objetivo facilitar informaci\u00f3n pr\u00e1ctica y acompa\u00f1amiento personalizado a profesionales venezolanos que buscan validar sus t\u00edtulos en el pa\u00eds.<\/strong><\/p>\n","protected":false},"excerpt":{"rendered":"<p>La Municipalidad de Tres de Febrero, Alianza por Venezuela y las asociaciones de m\u00e9dicos, abogados, educadores, odont\u00f3logos e ingenieros venezolanos en Argentina organizaron una nueva jornada de convalidaci\u00f3n de t\u00edtulos profesionales, en la que m\u00e1s de 70 personas recibieron orientaci\u00f3n sobre c\u00f3mo realizar sus tr\u00e1mites y avanzar en su inserci\u00f3n laboral. \u00daNETE A NUESTRO GRUPO [&hellip;]<\/p>\n","protected":false},"author":2,"featured_media":81874,"comment_status":"closed","ping_status":"closed","sticky":false,"template":"","format":"standard","meta":{"jnews-multi-image_gallery":[],"jnews_single_post":{"format":"standard"},"jnews_primary_category":[],"jnews_social_meta":[],"jnews_review":[],"enable_review":"","type":"","name":"","summary":"","brand":"","sku":"","good":[],"bad":[],"score_override":"","override_value":"","rating":[],"price":[],"jnews_override_counter":[],"jnews_post_split":[],"footnotes":""},"categories":[5892],"tags":[44,45,67],"class_list":["post-81871","post","type-post","status-publish","format-standard","has-post-thumbnail","hentry","category-venezolanos-en-argentina","tag-argentina","tag-noticias","tag-venezolanos-en-argentina"],"_links":{"self":[{"href":"https:\/\/esreviral.com\/index.php?rest_route=\/wp\/v2\/posts\/81871","targetHints":{"allow":["GET"]}}],"collection":[{"href":"https:\/\/esreviral.com\/index.php?rest_route=\/wp\/v2\/posts"}],"about":[{"href":"https:\/\/esreviral.com\/index.php?rest_route=\/wp\/v2\/types\/post"}],"author":[{"embeddable":true,"href":"https:\/\/esreviral.com\/index.php?rest_route=\/wp\/v2\/users\/2"}],"replies":[{"embeddable":true,"href":"https:\/\/esreviral.com\/index.php?rest_route=%2Fwp%2Fv2%2Fcomments&post=81871"}],"version-history":[{"count":1,"href":"https:\/\/esreviral.com\/index.php?rest_route=\/wp\/v2\/posts\/81871\/revisions"}],"predecessor-version":[{"id":81875,"href":"https:\/\/esreviral.com\/index.php?rest_route=\/wp\/v2\/posts\/81871\/revisions\/81875"}],"wp:featuredmedia":[{"embeddable":true,"href":"https:\/\/esreviral.com\/index.php?rest_route=\/wp\/v2\/media\/81874"}],"wp:attachment":[{"href":"https:\/\/esreviral.com\/index.php?rest_route=%2Fwp%2Fv2%2Fmedia&parent=81871"}],"wp:term":[{"taxonomy":"category","embeddable":true,"href":"https:\/\/esreviral.com\/index.php?rest_route=%2Fwp%2Fv2%2Fcategories&post=81871"},{"taxonomy":"post_tag","embeddable":true,"href":"https:\/\/esreviral.com\/index.php?rest_route=%2Fwp%2Fv2%2Ftags&post=81871"}],"curies":[{"name":"wp","href":"https:\/\/api.w.org\/{rel}","templated":true}]}}