{"id":81795,"date":"2025-10-03T09:29:47","date_gmt":"2025-10-03T14:29:47","guid":{"rendered":"https:\/\/esreviral.com\/?p=81795"},"modified":"2025-10-03T09:33:49","modified_gmt":"2025-10-03T14:33:49","slug":"rasgos-psicopaticos-y-antisociales-los-detalles-del-informe-psicologico-de-pequeno-j","status":"publish","type":"post","link":"https:\/\/esreviral.com\/?p=81795","title":{"rendered":"\u201cRasgos psicop\u00e1ticos y antisociales\u201d: los detalles del informe psicol\u00f3gico de \u201cPeque\u00f1o J\u201d"},"content":{"rendered":"\n<p><strong>Tras la detenci\u00f3n en Per\u00fa de Tony Janzen Valverde Victoriano, alias \u201cPeque\u00f1o J\u201d, principal sospechoso de ordenar el brutal triple crimen en Florencio Varela, un informe pericial realizado por m\u00e9dicos peruanos revel\u00f3 detalles sobre su complejo perfil psicol\u00f3gico.<\/strong><\/p>\n\n\n\n<p class=\"has-text-align-center\"><strong><a href=\"https:\/\/chat.whatsapp.com\/KWkTmakY3I05kNdd2oZl6d\"><em>\u00daNETE A NUESTRO GRUPO DE WHATSAPP PARA ESTAR INFORMADO<\/em><\/a><\/strong><\/p>\n\n\n\n<p>El an\u00e1lisis, obtenido durante su captura, sugiere una personalidad marcada por patrones de alto riesgo y conductas antisociales, lo que podr\u00eda explicar su presunta capacidad para liderar una red criminal y ejecutar actos de extrema violencia. El informe destaca rasgos psicop\u00e1ticos y narcisistas, agresividad y habilidades de manipulaci\u00f3n.<\/p>\n\n\n\n<p>Seg\u00fan los especialistas, su agresividad se forj\u00f3 \u201cviendo la violencia como un m\u00e9todo v\u00e1lido para resolver conflictos y consolidar liderazgo\u201d.<\/p>\n\n\n\n<p><strong>El rol de \u201cPeque\u00f1o J\u201d en el triple crimen de Florencio Varela<\/strong><br>Para los investigadores, Valverde Victoriano habr\u00eda sido el autor intelectual de los asesinatos de Brenda del Castillo, Morena Verdi y Lara Guti\u00e9rrez, aunque no fue quien dispar\u00f3. La hip\u00f3tesis apunta a \u201cPeque\u00f1o J\u201d como cerebro de una organizaci\u00f3n narco transnacional que operaba en la Villa 1-11-14 y en el sur del conurbano bonaerense.<\/p>\n\n\n\n<p>A pesar de la gravedad de los hechos, el detenido no contaba con antecedentes penales ni en Argentina ni en Per\u00fa, dado que, seg\u00fan los fiscales, evitaba implicarse de manera directa en los cr\u00edmenes.<\/p>\n\n\n\n<p><em>Noticia en desarrollo.<\/em>..<\/p>\n\n\n\n<p class=\"has-text-align-center\"><em><strong><em><strong><em><strong><em><strong><a href=\"https:\/\/t.me\/esreviral\">\u00daNETE A NUESTRO CANAL DE TELEGRAM PARA ESTAR INFORMADO<\/a><\/strong><\/em><\/strong><\/em><\/strong><\/em><\/strong><\/em><\/p>\n\n\n\n<p class=\"has-text-align-right\"><strong><em>Con Informaci\u00f3n de TN.-<\/em><\/strong><\/p>\n","protected":false},"excerpt":{"rendered":"<p>La pericia indica que Tony Janzen Valverde Victoriano, principal sospechoso de haber ordenado el brutal triple crimen en Florencio Varela, posee una estructura de personalidad marcada por patrones de alto riesgo.<\/p>\n","protected":false},"author":3,"featured_media":81466,"comment_status":"closed","ping_status":"closed","sticky":false,"template":"","format":"standard","meta":{"jnews-multi-image_gallery":[],"jnews_single_post":{"format":"standard"},"jnews_primary_category":[],"jnews_social_meta":[],"jnews_review":[],"enable_review":"","type":"","name":"","summary":"","brand":"","sku":"","good":[],"bad":[],"score_override":"","override_value":"","rating":[],"price":[],"jnews_override_counter":[],"jnews_post_split":[],"footnotes":""},"categories":[43],"tags":[45,36041,36237,232,1515],"class_list":["post-81795","post","type-post","status-publish","format-standard","has-post-thumbnail","hentry","category-actualidad","tag-noticias","tag-pequeno-j","tag-perfil-psicologico","tag-peru","tag-triple-crimen"],"amp_enabled":true,"_links":{"self":[{"href":"https:\/\/esreviral.com\/index.php?rest_route=\/wp\/v2\/posts\/81795"}],"collection":[{"href":"https:\/\/esreviral.com\/index.php?rest_route=\/wp\/v2\/posts"}],"about":[{"href":"https:\/\/esreviral.com\/index.php?rest_route=\/wp\/v2\/types\/post"}],"author":[{"embeddable":true,"href":"https:\/\/esreviral.com\/index.php?rest_route=\/wp\/v2\/users\/3"}],"replies":[{"embeddable":true,"href":"https:\/\/esreviral.com\/index.php?rest_route=%2Fwp%2Fv2%2Fcomments&post=81795"}],"version-history":[{"count":1,"href":"https:\/\/esreviral.com\/index.php?rest_route=\/wp\/v2\/posts\/81795\/revisions"}],"predecessor-version":[{"id":81797,"href":"https:\/\/esreviral.com\/index.php?rest_route=\/wp\/v2\/posts\/81795\/revisions\/81797"}],"wp:featuredmedia":[{"embeddable":true,"href":"https:\/\/esreviral.com\/index.php?rest_route=\/wp\/v2\/media\/81466"}],"wp:attachment":[{"href":"https:\/\/esreviral.com\/index.php?rest_route=%2Fwp%2Fv2%2Fmedia&parent=81795"}],"wp:term":[{"taxonomy":"category","embeddable":true,"href":"https:\/\/esreviral.com\/index.php?rest_route=%2Fwp%2Fv2%2Fcategories&post=81795"},{"taxonomy":"post_tag","embeddable":true,"href":"https:\/\/esreviral.com\/index.php?rest_route=%2Fwp%2Fv2%2Ftags&post=81795"}],"curies":[{"name":"wp","href":"https:\/\/api.w.org\/{rel}","templated":true}]}}