{"id":81771,"date":"2025-10-03T07:47:35","date_gmt":"2025-10-03T12:47:35","guid":{"rendered":"https:\/\/esreviral.com\/?p=81771"},"modified":"2025-10-03T07:47:37","modified_gmt":"2025-10-03T12:47:37","slug":"triple-crimen-la-declaracion-que-revelo-el-menu-de-los-asesinos-despues-de-la-masacre","status":"publish","type":"post","link":"https:\/\/esreviral.com\/?p=81771","title":{"rendered":"Triple crimen: la declaraci\u00f3n que revel\u00f3 el \u201cmen\u00fa\u201d de los asesinos despu\u00e9s de la masacre"},"content":{"rendered":"\n<p><strong>Mat\u00edas Agust\u00edn Ozorio<\/strong>, uno de los sospechosos del triple crimen de Florencio Varela, llegar\u00e1 a Buenos Aires tras haber sido detenido en Lima. En el expediente judicial, la reconstrucci\u00f3n del caso permiti\u00f3 trazar minuto a minuto la caravana mortal que termin\u00f3 con las vidas de <strong>Brenda del Castillo, Morena Verdi y Lara Guti\u00e9rrez<\/strong> el pasado 19 de septiembre.<\/p>\n\n\n\n<p class=\"has-text-align-center\"><strong><a href=\"https:\/\/chat.whatsapp.com\/KWkTmakY3I05kNdd2oZl6d\"><em>\u00daNETE A NUESTRO GRUPO DE WHATSAPP PARA ESTAR INFORMADO<\/em><\/a><\/strong><\/p>\n\n\n\n<h3 class=\"wp-block-heading\"><strong><mark style=\"background-color:rgba(0, 0, 0, 0)\" class=\"has-inline-color has-vivid-red-color\">La caravana de la muerte<\/mark><\/strong><\/h3>\n\n\n\n<p>Entre las <strong>22.43 y las 22.53<\/strong> de esa noche, dos veh\u00edculos avanzaron en caravana por las calles de Florencio Varela: una <strong>Chevrolet Tracker blanca<\/strong>, en la que iban las tres j\u00f3venes, y un <strong>Volkswagen Fox blanco con techo negro, patente NAG 813<\/strong>. Ambos terminaron estacionados frente a la casa de la esquina de <strong>R\u00edo J\u00e1chal y Cha\u00f1ar<\/strong>, donde se consumaron los homicidios.<\/p>\n\n\n\n<p>Las c\u00e1maras del municipio registraron el recorrido:<\/p>\n\n\n\n<ul class=\"wp-block-list\">\n<li><strong>22.43:<\/strong> la Chevrolet Tracker fue filmada en Donato \u00c1lvarez y La Tranquera.<\/li>\n\n\n\n<li><strong>22.44:<\/strong> otra c\u00e1mara la detect\u00f3 en Donato \u00c1lvarez y El Apero.<\/li>\n\n\n\n<li><strong>22.45:<\/strong> apareci\u00f3 en Padre Novack y La Pulper\u00eda.<\/li>\n\n\n\n<li><strong>22.48:<\/strong> fue vista en Eva Per\u00f3n y Cabildo.<\/li>\n\n\n\n<li><strong>22.49:<\/strong> ambos veh\u00edculos llegaron juntos a Cha\u00f1ar y R\u00edo Iguaz\u00fa.<\/li>\n<\/ul>\n\n\n\n<p><\/p>\n\n\n\n<p>Antes de arribar a la vivienda, los conductores se detuvieron en una parrilla. El due\u00f1o del local declar\u00f3 haber visto al chofer de la camioneta conversando con una pareja del barrio \u201cde origen peruano\u201d dedicada a la venta de drogas.<\/p>\n\n\n\n<p>Este dato complica la coartada de <strong>V\u00edctor L\u00e1zaro Sotacuro<\/strong>, due\u00f1o del Fox, quien afirm\u00f3 ser remisero y neg\u00f3 cualquier v\u00ednculo con los homicidios o con los ocupantes de la Tracker.<\/p>\n\n\n\n<h3 class=\"wp-block-heading\"><strong><mark style=\"background-color:rgba(0, 0, 0, 0)\" class=\"has-inline-color has-vivid-red-color\">La acusada clave<\/mark><\/strong><\/h3>\n\n\n\n<p>La reconstrucci\u00f3n judicial tambi\u00e9n se apoya en el testimonio de <strong>Celeste Gonz\u00e1lez Guerrero<\/strong>, una de las imputadas. Seg\u00fan relat\u00f3 a su abogado, esa noche recibi\u00f3 en su casa de Cha\u00f1ar y R\u00edo J\u00e1chal a los ocupantes de la Tracker y a las tres v\u00edctimas. Luego, asegur\u00f3 haber cobrado <strong>US$1000 por el alquiler de la vivienda<\/strong> y haberse marchado con su pareja, <strong>Miguel \u00c1ngel Villanueva Silva<\/strong>.<\/p>\n\n\n\n<p>M\u00e1s tarde, seg\u00fan su versi\u00f3n, fue convocada para llevar comida al lugar:<strong> compr\u00f3 hamburguesas y una gaseosa, pag\u00f3 con su billetera virtual, entreg\u00f3 el pedido pero no entr\u00f3.<\/strong> Con este relato busca desligarse de la autor\u00eda material del crimen, aunque no explic\u00f3 qu\u00e9 hizo al enterarse de los asesinatos ni cu\u00e1l fue la participaci\u00f3n real de Villanueva Silva.<\/p>\n\n\n\n<p>Celeste habr\u00eda asegurado poder <strong>identificar al hombre de la Tracker que le pag\u00f3 el dinero<\/strong>, aunque nunca tuvo contacto directo con <strong>Tony Janzen Valverde Victoriano, alias \u201cPeque\u00f1o J\u201d<\/strong>, se\u00f1alado como jefe de la c\u00e9lula narco que operaba en la zona. En su tel\u00e9fono, sin embargo, aparec\u00edan dos n\u00fameros agendados como \u201cPeque\u00f1o\u201d y \u201cTony\u201d.<\/p>\n\n\n\n<h3 class=\"wp-block-heading\"><strong><mark style=\"background-color:rgba(0, 0, 0, 0)\" class=\"has-inline-color has-vivid-red-color\">La pista que abri\u00f3 la investigaci\u00f3n<\/mark><\/strong><\/h3>\n\n\n\n<p>El 23 de septiembre, un d\u00eda antes de ser detenida en un hotel alojamiento junto a Villanueva Silva, Celeste le envi\u00f3 un audio a su madre:<\/p>\n\n\n\n<blockquote class=\"wp-block-quote is-layout-flow wp-block-quote-is-layout-flow\">\n<p>\u201cMam\u00e1, borr\u00e1 los mensajes, por favor. Si voy sola a casa, voy a pagar el plato de todos. El jefe se va a enterar y chau Celeste\u201d.<\/p>\n<\/blockquote>\n\n\n\n<p>Ese miedo, sumado a los mensajes hallados en su celular, se convirti\u00f3 en la <strong>clave de la investigaci\u00f3n<\/strong> que permiti\u00f3 identificar a \u201cPeque\u00f1o J\u201d, a Ozorio y a Villanueva Silva como sospechosos centrales.<\/p>\n\n\n\n<h3 class=\"wp-block-heading\"><strong><mark style=\"background-color:rgba(0, 0, 0, 0)\" class=\"has-inline-color has-vivid-red-color\">El rastreo de \u201cPeque\u00f1o J\u201d<\/mark><\/strong><\/h3>\n\n\n\n<p>El gran obst\u00e1culo fue que el cabecilla usaba <strong>alias falsos<\/strong>. Dos d\u00edas despu\u00e9s, una testigo aport\u00f3 su verdadera identidad: <strong>Tony Janzen Valverde Victoriano<\/strong>, ciudadano peruano. Tambi\u00e9n entreg\u00f3 el n\u00famero de celular que utilizaba y confirm\u00f3 que se mov\u00eda en un Volkswagen Fox blanco con techo negro.<\/p>\n\n\n\n<p>Con esta informaci\u00f3n, la polic\u00eda bonaerense allan\u00f3 un conventillo en Isidro Casanova, donde hallaron:<\/p>\n\n\n\n<ul class=\"wp-block-list\">\n<li>un DNI adulterado,<\/li>\n\n\n\n<li>una pistola Glock calibre .40 con municiones,<\/li>\n\n\n\n<li>y un pantal\u00f3n con rastros de sangre.<\/li>\n<\/ul>\n\n\n\n<p><\/p>\n\n\n\n<p>La evidencia, sumada a la cooperaci\u00f3n de autoridades peruanas, deriv\u00f3 en un pedido de <strong>captura internacional e Interpol<\/strong> contra Valverde Victoriano.<\/p>\n\n\n\n<h3 class=\"wp-block-heading\"><strong><mark style=\"background-color:rgba(0, 0, 0, 0)\" class=\"has-inline-color has-vivid-red-color\">La trama narco detr\u00e1s del crimen<\/mark><\/strong><\/h3>\n\n\n\n<p>Los investigadores creen que la casa de Florencio Varela funcionaba como <strong>centro de acopio y venta de drogas<\/strong>. \u201cPeque\u00f1o J\u201d ser\u00eda jefe de una c\u00e9lula de una organizaci\u00f3n narco peruana con presencia en La Matanza, Esteban Echeverr\u00eda y la villa Zavaleta.<\/p>\n\n\n\n<p>El m\u00f3vil a\u00fan no est\u00e1 del todo claro. Se sospecha que una de las v\u00edctimas pudo haber estado vinculada al <strong>robo de entre 3 y 5 kilos de coca\u00edna<\/strong>, lo que habr\u00eda desencadenado la brutal represalia.<\/p>\n\n\n\n<p class=\"has-text-align-center\"><em><strong><em><strong><em><strong><em><strong><a href=\"https:\/\/t.me\/esreviral\">\u00daNETE A NUESTRO CANAL DE TELEGRAM PARA ESTAR INFORMADO<\/a><\/strong><\/em><\/strong><\/em><\/strong><\/em><\/strong><\/em><\/p>\n\n\n\n<p class=\"has-text-align-right\"><strong><em>Con Informaci\u00f3n de LN.-<\/em><\/strong><\/p>\n","protected":false},"excerpt":{"rendered":"<p>TRIPLE CRIMEN. Los investigadores tienen establecido que los dos veh\u00edculos llegaron en caravana con las j\u00f3venes a la casa situada en Florencio Varela; desde La Matanza hicieron una parada para comprar un s\u00e1ndwich en una parrilla<\/p>\n","protected":false},"author":3,"featured_media":81783,"comment_status":"closed","ping_status":"closed","sticky":false,"template":"","format":"standard","meta":{"jnews-multi-image_gallery":[],"jnews_single_post":{"format":"standard"},"jnews_primary_category":[],"jnews_social_meta":[],"jnews_review":[],"enable_review":"","type":"","name":"","summary":"","brand":"","sku":"","good":[],"bad":[],"score_override":"","override_value":"","rating":[],"price":[],"jnews_override_counter":[],"jnews_post_split":[],"footnotes":""},"categories":[58,64],"tags":[44,555,36232,10085,45,36041,36102,1515],"class_list":["post-81771","post","type-post","status-publish","format-standard","has-post-thumbnail","hentry","category-argentina","category-sucesos","tag-argentina","tag-femicidio","tag-matias-agustin-ozorio","tag-narco","tag-noticias","tag-pequeno-j","tag-tony-janzen-valverde-victoriano","tag-triple-crimen"],"amp_enabled":true,"_links":{"self":[{"href":"https:\/\/esreviral.com\/index.php?rest_route=\/wp\/v2\/posts\/81771"}],"collection":[{"href":"https:\/\/esreviral.com\/index.php?rest_route=\/wp\/v2\/posts"}],"about":[{"href":"https:\/\/esreviral.com\/index.php?rest_route=\/wp\/v2\/types\/post"}],"author":[{"embeddable":true,"href":"https:\/\/esreviral.com\/index.php?rest_route=\/wp\/v2\/users\/3"}],"replies":[{"embeddable":true,"href":"https:\/\/esreviral.com\/index.php?rest_route=%2Fwp%2Fv2%2Fcomments&post=81771"}],"version-history":[{"count":2,"href":"https:\/\/esreviral.com\/index.php?rest_route=\/wp\/v2\/posts\/81771\/revisions"}],"predecessor-version":[{"id":81784,"href":"https:\/\/esreviral.com\/index.php?rest_route=\/wp\/v2\/posts\/81771\/revisions\/81784"}],"wp:featuredmedia":[{"embeddable":true,"href":"https:\/\/esreviral.com\/index.php?rest_route=\/wp\/v2\/media\/81783"}],"wp:attachment":[{"href":"https:\/\/esreviral.com\/index.php?rest_route=%2Fwp%2Fv2%2Fmedia&parent=81771"}],"wp:term":[{"taxonomy":"category","embeddable":true,"href":"https:\/\/esreviral.com\/index.php?rest_route=%2Fwp%2Fv2%2Fcategories&post=81771"},{"taxonomy":"post_tag","embeddable":true,"href":"https:\/\/esreviral.com\/index.php?rest_route=%2Fwp%2Fv2%2Ftags&post=81771"}],"curies":[{"name":"wp","href":"https:\/\/api.w.org\/{rel}","templated":true}]}}