{"id":81736,"date":"2025-10-02T13:48:54","date_gmt":"2025-10-02T18:48:54","guid":{"rendered":"https:\/\/esreviral.com\/?p=81736"},"modified":"2025-10-02T13:48:55","modified_gmt":"2025-10-02T18:48:55","slug":"gaby-spanic-denuncio-ser-victima-de-xenofobia-en-reality-brasileno","status":"publish","type":"post","link":"https:\/\/esreviral.com\/?p=81736","title":{"rendered":"Gaby Spanic denunci\u00f3 ser v\u00edctima de xenofobia en reality brasile\u00f1o"},"content":{"rendered":"\n<p><strong>La actriz venezolana Gaby Spanic revel\u00f3 que fue v\u00edctima de \u201cxenofobia\u201d por su nacionalidad durante su participaci\u00f3n en el reality brasile\u00f1o <em>A Fazenda 17<\/em>.<\/strong><\/p>\n\n\n\n<p>La protagonista de <em>La Usurpadora<\/em> reaccion\u00f3 tras recibir tres votos en contra de sus compa\u00f1eros, lo que, seg\u00fan ella, responde a un \u201c<strong><em>complot\u201d<\/em><\/strong> motivado por su condici\u00f3n de extranjera.<\/p>\n\n\n\n<p class=\"has-text-align-center\"><strong><a href=\"https:\/\/chat.whatsapp.com\/KWkTmakY3I05kNdd2oZl6d\"><em>\u00daNETE A NUESTRO GRUPO DE WHATSAPP PARA ESTAR INFORMADO<\/em><\/a><\/strong><\/p>\n\n\n\n<p>\u201c<strong><em>Me lo he estado guardando para m\u00ed, de verdad. Siento que estoy sufriendo xenofobia por ser de otro pa\u00eds. \u00a1Y eso es realmente feo! Realmente feo\u201d<\/em><\/strong>, expres\u00f3 Spanic, antes de ser interrumpida por otra concursante, Martina, quien asegur\u00f3 que estaba interpretando la situaci\u00f3n de forma equivocada.<\/p>\n\n\n\n<p>En medio del debate, la actriz guarique\u00f1a respondi\u00f3: \u201c<strong><em>Eres brasile\u00f1a y te respeto mucho, pero no puedo permitir que nadie me falte el respeto ni que me critiquen falsamente, querida\u201d.<\/em><\/strong><\/p>\n\n\n\n<p>Posteriormente, su m\u00e1nager Andr\u00e9 Kosta emiti\u00f3 un comunicado en redes sociales, en el que se\u00f1al\u00f3 que se est\u00e1n evaluando \u201c<strong><em>medidas y decisiones<\/em><\/strong>\u201d frente al caso. Tambi\u00e9n advirti\u00f3 que no se permitir\u00e1 \u201c<strong><em>ning\u00fan tipo de falta de respeto a su trayectoria, su nacionalidad y su dignidad\u201d.<\/em><\/strong><\/p>\n\n\n\n<p>Por ahora, se desconoce si Gaby Spanic continuar\u00e1 en el programa o si optar\u00e1 por abandonarlo, como ocurri\u00f3 anteriormente en <em>Top Chef VIP<\/em>, donde se retir\u00f3 en los primeros cap\u00edtulos.<\/p>\n\n\n\n<p class=\"has-text-align-center\"><em><strong><em><strong><em><strong><em><strong><a href=\"https:\/\/t.me\/esreviral\">\u00daNETE A NUESTRO CANAL DE TELEGRAM PARA ESTAR INFORMADO<\/a><\/strong><\/em><\/strong><\/em><\/strong><\/em><\/strong><\/em><\/p>\n\n\n\n<p class=\"has-text-align-right\"><em style=\"\"><b>Con Informaci\u00f3n de <\/b><\/em><strong><em>Laverdad.com.-<\/em><\/strong><\/p>\n\n\n\n<p><\/p>\n","protected":false},"excerpt":{"rendered":"<p>Gaby Spanic no la est\u00e1 pasando nada bien en Brasil, luego de que acusara en un reality ser v\u00edctima de ataques por ser extranjera<\/p>\n","protected":false},"author":3,"featured_media":81737,"comment_status":"closed","ping_status":"closed","sticky":false,"template":"","format":"standard","meta":{"jnews-multi-image_gallery":[],"jnews_single_post":{"format":"standard"},"jnews_primary_category":[],"jnews_social_meta":[],"jnews_review":[],"enable_review":"","type":"","name":"","summary":"","brand":"","sku":"","good":[],"bad":[],"score_override":"","override_value":"","rating":[],"price":[],"jnews_override_counter":[],"jnews_post_split":[],"footnotes":""},"categories":[50],"tags":[227,3829,45,36191,323],"class_list":["post-81736","post","type-post","status-publish","format-standard","has-post-thumbnail","hentry","category-entretenimiento","tag-brasil","tag-gaby-spanic","tag-noticias","tag-reality-brasileno","tag-xenofobia"],"amp_enabled":true,"_links":{"self":[{"href":"https:\/\/esreviral.com\/index.php?rest_route=\/wp\/v2\/posts\/81736"}],"collection":[{"href":"https:\/\/esreviral.com\/index.php?rest_route=\/wp\/v2\/posts"}],"about":[{"href":"https:\/\/esreviral.com\/index.php?rest_route=\/wp\/v2\/types\/post"}],"author":[{"embeddable":true,"href":"https:\/\/esreviral.com\/index.php?rest_route=\/wp\/v2\/users\/3"}],"replies":[{"embeddable":true,"href":"https:\/\/esreviral.com\/index.php?rest_route=%2Fwp%2Fv2%2Fcomments&post=81736"}],"version-history":[{"count":3,"href":"https:\/\/esreviral.com\/index.php?rest_route=\/wp\/v2\/posts\/81736\/revisions"}],"predecessor-version":[{"id":81741,"href":"https:\/\/esreviral.com\/index.php?rest_route=\/wp\/v2\/posts\/81736\/revisions\/81741"}],"wp:featuredmedia":[{"embeddable":true,"href":"https:\/\/esreviral.com\/index.php?rest_route=\/wp\/v2\/media\/81737"}],"wp:attachment":[{"href":"https:\/\/esreviral.com\/index.php?rest_route=%2Fwp%2Fv2%2Fmedia&parent=81736"}],"wp:term":[{"taxonomy":"category","embeddable":true,"href":"https:\/\/esreviral.com\/index.php?rest_route=%2Fwp%2Fv2%2Fcategories&post=81736"},{"taxonomy":"post_tag","embeddable":true,"href":"https:\/\/esreviral.com\/index.php?rest_route=%2Fwp%2Fv2%2Ftags&post=81736"}],"curies":[{"name":"wp","href":"https:\/\/api.w.org\/{rel}","templated":true}]}}