{"id":81730,"date":"2025-10-02T10:43:42","date_gmt":"2025-10-02T15:43:42","guid":{"rendered":"https:\/\/esreviral.com\/?p=81730"},"modified":"2025-10-02T10:43:43","modified_gmt":"2025-10-02T15:43:43","slug":"tras-el-caso-de-la-alumna-que-llevo-un-arma-a-su-escuela-quieren-multar-a-los-padres-de-los-ninos-que-hacen-bullying","status":"publish","type":"post","link":"https:\/\/esreviral.com\/?p=81730","title":{"rendered":"Tras el caso de la alumna que llev\u00f3 un arma a su escuela, quieren multar a los padres de los ni\u00f1os que hacen bullying"},"content":{"rendered":"\n<p><strong>En Mendoza, la propuesta de sancionar a las familias de estudiantes que generan conflictos o ponen en riesgo a la comunidad escolar ven\u00eda analiz\u00e1ndose desde hace meses.<\/strong> El caso de una estudiante del municipio de La Paz, que llev\u00f3 al colegio el arma de su padre polic\u00eda, termin\u00f3 de definir la modificaci\u00f3n legislativa para responsabilizar y multar a los padres en casos de <strong>acoso escolar.<\/strong><\/p>\n\n\n\n<p><strong>La joven habr\u00eda sido v\u00edctima de bullying por parte de un compa\u00f1ero, aunque no exist\u00edan registros oficiales en las actas de la escuela. Mientras empu\u00f1aba el arma reglamentaria de su padre, la estudiante tambi\u00e9n exig\u00eda ver a una profesora de matem\u00e1ticas.<\/strong><\/p>\n\n\n\n<p>Ante estos hechos, el <strong>Ministerio de Educaci\u00f3n de Mendoza <\/strong>envi\u00f3 a la Legislatura un proyecto para modificar el C\u00f3digo de Contravenciones. \u201c<strong><em>Pretendemos que los padres, madres y tutores sean tambi\u00e9n responsables por los actos de bullying cometidos por sus hijos<\/em><\/strong>\u201d, explic\u00f3 el ministro Tadeo Garc\u00eda Zalazar.<\/p>\n\n\n\n<p class=\"has-text-align-center\"><strong><a href=\"https:\/\/chat.whatsapp.com\/KWkTmakY3I05kNdd2oZl6d\"><em>\u00daNETE A NUESTRO GRUPO DE WHATSAPP PARA ESTAR INFORMADO<\/em><\/a><\/strong><\/p>\n\n\n\n<p class=\"has-text-align-center\"><strong><em><mark style=\"background-color:rgba(0, 0, 0, 0)\" class=\"has-inline-color has-vivid-red-color\">Lea Tambi\u00e9n: <a href=\"https:\/\/esreviral.com\/?p=80540\">C\u00f3mo sigue la adolescente que se atrincher\u00f3 con un arma en una escuela<\/a><\/mark><\/em><\/strong><\/p>\n\n\n<div class=\"wp-block-image\">\n<figure class=\"aligncenter size-large\"><img decoding=\"async\" src=\"https:\/\/www.clarin.com\/img\/2025\/10\/02\/o03_787jy_720x0__1.jpg\" alt=\"\"\/><figcaption class=\"wp-element-caption\">Presentaron un proyecto para modificar el C\u00f3digo de Contravenciones para los casos de bullying en Mendoza.<\/figcaption><\/figure><\/div>\n\n\n<p><\/p>\n\n\n\n<p>Las sanciones previstas incluyen trabajos comunitarios en primera instancia y multas econ\u00f3micas en casos de reincidencia, que podr\u00edan alcanzar los $2.100.000. \u201c<strong>Mendoza busca educar a los agresores y comprometer a las familias\u201d<\/strong>, destac\u00f3 el ministro, aclarando que la norma contempla un enfoque integral contra el acoso escolar, combinando sanciones con medidas educativas y protocolos de intervenci\u00f3n.<\/p>\n\n\n\n<p>La sanci\u00f3n ser\u00e1 determinada por un juez y los montos \u2014entre 500 y 5.000 unidades financieras, equivalentes a $21.000 y $2.100.000\u2014 variar\u00e1n seg\u00fan la gravedad del caso y la reincidencia. \u201c<strong><em>Hemos trabajado el protocolo de acci\u00f3n en base a casos ocurridos en Mendoza y experiencias a nivel mundial\u201d,<\/em><\/strong> agreg\u00f3 Garc\u00eda Zalazar.<\/p>\n\n\n\n<p>Seg\u00fan el proyecto, los fondos recaudados se destinar\u00e1n a la prevenci\u00f3n del bullying y al fortalecimiento de bibliotecas escolares en la provincia.<\/p>\n\n\n\n<p class=\"has-text-align-left\"><strong><mark style=\"background-color:rgba(0, 0, 0, 0)\" class=\"has-inline-color has-vivid-red-color\">Cr\u00edticas de especialistas<\/mark><\/strong><\/p>\n\n\n\n<p>La iniciativa del gobierno mendocino recibi\u00f3 cuestionamientos de expertos en educaci\u00f3n, como Alejandro Castro Santander, especialista en Gesti\u00f3n de la Convivencia Social y Escolar. \u201c<strong><em>No deber\u00eda castigarse a los padres, sino convertirlos en aliados activos para solucionar el problema y modificar la conducta del hijo\u201d, se\u00f1al\u00f3.<\/em><\/strong><\/p>\n\n\n\n<p>Castro Santander advirti\u00f3 que, si la medida es solo punitiva, \u201c<strong><em>puede ampliar el conflicto, ya que lo efectivo en casos de acoso escolar son las acciones preventivas y colaborativas\u201d.<\/em><\/strong><\/p>\n\n\n\n<p>Desde el Ministerio de Educaci\u00f3n, en cambio, sostienen que la prevenci\u00f3n por s\u00ed sola no basta. \u201c<strong><em>El bullying no es un juego ni una broma pesada. Es violencia que lastima y deja marcas profundas en nuestros chicos y chicas. Por eso damos este paso: para que la escuela no est\u00e9 sola en este desaf\u00edo necesitamos familias presentes y corresponsables\u201d,<\/em><\/strong> afirm\u00f3 Garc\u00eda Zalazar.<\/p>\n\n\n\n<p><strong><mark style=\"background-color:rgba(0, 0, 0, 0)\" class=\"has-inline-color has-vivid-red-color\">C\u00f3mo funcionar\u00e1 la medida<\/mark><\/strong><\/p>\n\n\n\n<p>El proyecto prev\u00e9 convocar primero a reuniones con los padres de la v\u00edctima y del agresor. Si estas instancias no logran resultados, se aplicar\u00e1 la normativa del C\u00f3digo Contravencional. El ministro explic\u00f3 que, en muchos casos, los padres no asisten a las convocatorias escolares o restan importancia a la situaci\u00f3n; la incorporaci\u00f3n de la medida como contravenci\u00f3n garantizar\u00e1 el cumplimiento obligatorio de los compromisos.<\/p>\n\n\n\n<p>El proyecto incluye el art\u00edculo 100 bis sobre responsabilidad parental: \u201c<strong><em>Se considerar\u00e1 contravenci\u00f3n la omisi\u00f3n del deber de vigilancia y cuidado por parte de los padres, tutores o cualquier persona que ejerza la responsabilidad parental, cuando un ni\u00f1o o adolescente a su cargo cometa actos de acoso escolar que causen da\u00f1o f\u00edsico, psicol\u00f3gico o emocional a otro menor en el \u00e1mbito educativo o social\u201d<\/em><\/strong>.<\/p>\n\n\n\n<p>Adem\u00e1s, se establece una penalidad mayor para alumnos reincidentes: \u201c<strong><em>Si el menor reincide en actos de acoso escolar, el juez podr\u00e1 duplicar la sanci\u00f3n de trabajo comunitario o la multa y disponer la obligatoriedad de asistir a talleres de parentalidad o terapia familiar<\/em><\/strong>\u201d. Las sanciones van desde trabajo comunitario de 5 a 50 d\u00edas hasta multas de 500 a 5.000 unidades fiscales, equivalentes actualmente a $21.000 a $2.100.000, seg\u00fan la gravedad y la reincidencia.<\/p>\n\n\n\n<p class=\"has-text-align-center\"><em><strong><em><strong><em><strong><em><strong><a href=\"https:\/\/t.me\/esreviral\">\u00daNETE A NUESTRO CANAL DE TELEGRAM PARA ESTAR INFORMADO<\/a><\/strong><\/em><\/strong><\/em><\/strong><\/em><\/strong><\/em><\/p>\n\n\n\n<p class=\"has-text-align-center\"><strong><em><mark style=\"background-color:rgba(0, 0, 0, 0)\" class=\"has-inline-color has-vivid-red-color\">Lea Tambi\u00e9n: <a href=\"https:\/\/esreviral.com\/?p=80473\">Una adolescente se atrincher\u00f3 con un arma en la escuela y dispar\u00f3 dos veces al aire<\/a><\/mark><\/em><\/strong><\/p>\n\n\n\n<p class=\"has-text-align-right\"><strong><em>Con Informaci\u00f3n de\u00a0Clarin.-<\/em><\/strong><\/p>\n","protected":false},"excerpt":{"rendered":"<p>El gobierno de Mendoza envi\u00f3 a la Legislatura una modificaci\u00f3n al C\u00f3digo de Contravenciones.<br \/>\nBuscan educar a los estudiantes que cometen acoso escolar. Tambi\u00e9n prev\u00e9 multas de hasta 2 millones de pesos y trabajo comunitario para los responsables de los menores.<\/p>\n","protected":false},"author":3,"featured_media":80474,"comment_status":"closed","ping_status":"closed","sticky":false,"template":"","format":"standard","meta":{"jnews-multi-image_gallery":[],"jnews_single_post":{"format":"standard"},"jnews_primary_category":[],"jnews_social_meta":[],"jnews_review":[],"enable_review":"","type":"","name":"","summary":"","brand":"","sku":"","good":[],"bad":[],"score_override":"","override_value":"","rating":[],"price":[],"jnews_override_counter":[],"jnews_post_split":[],"footnotes":""},"categories":[58],"tags":[5473,7421,202,4564,1018,36190,45],"class_list":["post-81730","post","type-post","status-publish","format-standard","has-post-thumbnail","hentry","category-argentina","tag-bullying","tag-bullying-escolar","tag-educacion","tag-escuela","tag-mendoza","tag-ministerio-de-educacion-de-mendoza","tag-noticias"],"amp_enabled":true,"_links":{"self":[{"href":"https:\/\/esreviral.com\/index.php?rest_route=\/wp\/v2\/posts\/81730"}],"collection":[{"href":"https:\/\/esreviral.com\/index.php?rest_route=\/wp\/v2\/posts"}],"about":[{"href":"https:\/\/esreviral.com\/index.php?rest_route=\/wp\/v2\/types\/post"}],"author":[{"embeddable":true,"href":"https:\/\/esreviral.com\/index.php?rest_route=\/wp\/v2\/users\/3"}],"replies":[{"embeddable":true,"href":"https:\/\/esreviral.com\/index.php?rest_route=%2Fwp%2Fv2%2Fcomments&post=81730"}],"version-history":[{"count":1,"href":"https:\/\/esreviral.com\/index.php?rest_route=\/wp\/v2\/posts\/81730\/revisions"}],"predecessor-version":[{"id":81731,"href":"https:\/\/esreviral.com\/index.php?rest_route=\/wp\/v2\/posts\/81730\/revisions\/81731"}],"wp:featuredmedia":[{"embeddable":true,"href":"https:\/\/esreviral.com\/index.php?rest_route=\/wp\/v2\/media\/80474"}],"wp:attachment":[{"href":"https:\/\/esreviral.com\/index.php?rest_route=%2Fwp%2Fv2%2Fmedia&parent=81730"}],"wp:term":[{"taxonomy":"category","embeddable":true,"href":"https:\/\/esreviral.com\/index.php?rest_route=%2Fwp%2Fv2%2Fcategories&post=81730"},{"taxonomy":"post_tag","embeddable":true,"href":"https:\/\/esreviral.com\/index.php?rest_route=%2Fwp%2Fv2%2Ftags&post=81730"}],"curies":[{"name":"wp","href":"https:\/\/api.w.org\/{rel}","templated":true}]}}