{"id":81577,"date":"2025-09-30T07:54:25","date_gmt":"2025-09-30T12:54:25","guid":{"rendered":"https:\/\/esreviral.com\/?p=81577"},"modified":"2025-09-30T07:55:34","modified_gmt":"2025-09-30T12:55:34","slug":"oswaldo-vizcarrondo-sera-el-dt-interino-de-la-vinotinto","status":"publish","type":"post","link":"https:\/\/esreviral.com\/?p=81577","title":{"rendered":"Oswaldo Vizcarrondo ser\u00e1 el DT interino de la Vinotinto"},"content":{"rendered":"\n<p>La <strong>Federaci\u00f3n Venezolana de F\u00fatbol (FVF)<\/strong> confirm\u00f3 que <strong>Oswaldo Vizcarrondo<\/strong> dirigir\u00e1 de manera interina a la <strong>Vinotinto<\/strong> en los amistosos de la pr\u00f3xima fecha FIFA frente a <strong>Argentina<\/strong> y <strong>Belice<\/strong>. El exdefensor, actualmente seleccionador Sub-17, estar\u00e1 acompa\u00f1ado por <strong>Fernando Aristeguieta<\/strong> y <strong>Mario Rond\u00f3n<\/strong> como asistentes t\u00e9cnicos. Tras esta experiencia, retomar\u00e1 su trabajo con la categor\u00eda juvenil que se prepara para el <strong>Mundial de Qatar 2025<\/strong>.<\/p>\n\n\n\n<p class=\"has-text-align-center\"><strong><a href=\"https:\/\/chat.whatsapp.com\/KWkTmakY3I05kNdd2oZl6d\"><em>\u00daNETE A NUESTRO GRUPO DE WHATSAPP PARA ESTAR INFORMADO<\/em><\/a><\/strong><\/p>\n\n\n\n<blockquote class=\"twitter-tweet\"><p lang=\"es\" dir=\"ltr\">Anuncio: Fecha FIFA de octubre. <a href=\"https:\/\/twitter.com\/hashtag\/SiempreVinotinto?src=hash&amp;ref_src=twsrc%5Etfw\">#SiempreVinotinto<\/a> <a href=\"https:\/\/t.co\/TByJhLFDra\">pic.twitter.com\/TByJhLFDra<\/a><\/p>&mdash; La Vinotinto (@SeleVinotinto) <a href=\"https:\/\/twitter.com\/SeleVinotinto\/status\/1972813913319170474?ref_src=twsrc%5Etfw\">September 30, 2025<\/a><\/blockquote> <script async src=\"https:\/\/platform.twitter.com\/widgets.js\" charset=\"utf-8\"><\/script>\n\n\n\n<p><\/p>\n\n\n\n<h4 class=\"wp-block-heading\"><strong><mark style=\"background-color:rgba(0, 0, 0, 0)\" class=\"has-inline-color has-vivid-red-color\">Un nombramiento con l\u00f3gica<\/mark><\/strong><\/h4>\n\n\n\n<p>La designaci\u00f3n de Vizcarrondo no sorprende en el \u00e1mbito futbol\u00edstico venezolano. \u00cdcono de la selecci\u00f3n durante su carrera como jugador, ha estado en los \u00faltimos a\u00f1os ligado al desarrollo de talentos juveniles. Bajo su mando, la Vinotinto Sub-17 logr\u00f3 la clasificaci\u00f3n al Mundial de Qatar, un logro que refuerza la confianza de la federaci\u00f3n en su capacidad de gesti\u00f3n y en su conocimiento de las nuevas generaciones.<\/p>\n\n\n\n<h4 class=\"wp-block-heading\"><strong><mark style=\"background-color:rgba(0, 0, 0, 0)\" class=\"has-inline-color has-vivid-red-color\">El reto inmediato: la absoluta<\/mark><\/strong><\/h4>\n\n\n\n<p>Vizcarrondo afrontar\u00e1 un desaf\u00edo complejo: conducir a la selecci\u00f3n mayor en un corto plazo y en partidos de alta exigencia. El primero ser\u00e1 ante la campeona mundial Argentina, seguido por un duelo con Belice. Aunque los resultados no son definitorios, servir\u00e1n de <strong>term\u00f3metro para medir su capacidad de trasladar su experiencia en juveniles al m\u00e1ximo nivel internacional<\/strong>.<\/p>\n\n\n<div class=\"wp-block-image\">\n<figure class=\"aligncenter size-large\"><img decoding=\"async\" src=\"https:\/\/elnacional-uploads.nyc3.digitaloceanspaces.com\/wp-content\/uploads\/2025\/09\/29202138\/WhatsApp-Image-2025-09-29-at-8.05.46-PM.jpeg\" alt=\"\"\/><\/figure>\n<\/div>\n\n\n<h4 class=\"wp-block-heading\"><strong><mark style=\"background-color:rgba(0, 0, 0, 0)\" class=\"has-inline-color has-vivid-red-color\">Regreso asegurado a la Sub-17<\/mark><\/strong><\/h4>\n\n\n\n<p>La FVF aclar\u00f3 que, concluida la fecha FIFA, Vizcarrondo volver\u00e1 a enfocarse en la Sub-17, con la misi\u00f3n de armar un equipo competitivo de cara al Mundial de noviembre de 2025 en Qatar, torneo que contar\u00e1 con 48 selecciones. Venezuela integrar\u00e1 el <strong>Grupo E<\/strong> junto a <strong>Inglaterra, Egipto y Hait\u00ed<\/strong>, un desaf\u00edo de gran nivel para una generaci\u00f3n que busca consolidarse como parte del proyecto de futuro de la Vinotinto.<\/p>\n\n\n\n<h4 class=\"wp-block-heading\"><strong><mark style=\"background-color:rgba(0, 0, 0, 0)\" class=\"has-inline-color has-vivid-red-color\">Expectativas y dudas<\/mark><\/strong><\/h4>\n\n\n\n<p>El nombramiento genera entusiasmo por su <strong>conocimiento del talento emergente<\/strong> y su experiencia internacional como futbolista, factores que pueden aportar continuidad y frescura a la Vinotinto. Sin embargo, tambi\u00e9n despierta interrogantes sobre si este doble rol podr\u00eda diluir su enfoque en un momento en el que la federaci\u00f3n a\u00fan no define un <strong>proyecto estable para la selecci\u00f3n mayor<\/strong>.<\/p>\n\n\n\n<p>Lo cierto es que estos amistosos representan una <strong>vitrina inmediata<\/strong> para Vizcarrondo: un buen desempe\u00f1o podr\u00eda no solo fortalecer su lugar en las selecciones juveniles, sino tambi\u00e9n abrir el debate sobre su futuro en el banquillo de la Vinotinto absoluta.<\/p>\n\n\n\n<p><\/p>\n\n\n\n<p class=\"has-text-align-center\"><em><strong><em><strong><em><strong><em><strong><a href=\"https:\/\/t.me\/esreviral\">\u00daNETE A NUESTRO CANAL DE TELEGRAM PARA ESTAR INFORMADO<\/a><\/strong><\/em><\/strong><\/em><\/strong><\/em><\/strong><\/em><\/p>\n\n\n\n<p class=\"has-text-align-right\"><strong><em>Con Informaci\u00f3n de\u00a0elnacional.com.-<\/em><\/strong><\/p>\n","protected":false},"excerpt":{"rendered":"<p>El interinato del exdefensor genera expectativas por su conocimiento del talento juvenil, pero tambi\u00e9n cr\u00edticas ante la falta de un proyecto definido para la selecci\u00f3n absoluta<\/p>\n","protected":false},"author":3,"featured_media":81579,"comment_status":"closed","ping_status":"closed","sticky":false,"template":"","format":"standard","meta":{"jnews-multi-image_gallery":[],"jnews_single_post":{"format":"standard"},"jnews_primary_category":[],"jnews_social_meta":[],"jnews_review":[],"enable_review":"","type":"","name":"","summary":"","brand":"","sku":"","good":[],"bad":[],"score_override":"","override_value":"","rating":[],"price":[],"jnews_override_counter":[],"jnews_post_split":[],"footnotes":""},"categories":[48],"tags":[7713,866,45,19161,91],"class_list":["post-81577","post","type-post","status-publish","format-standard","has-post-thumbnail","hentry","category-deportes","tag-federacion-venezolana-de-futbol","tag-fvf","tag-noticias","tag-oswaldo-vizcarrondo","tag-vinotinto"],"_links":{"self":[{"href":"https:\/\/esreviral.com\/index.php?rest_route=\/wp\/v2\/posts\/81577","targetHints":{"allow":["GET"]}}],"collection":[{"href":"https:\/\/esreviral.com\/index.php?rest_route=\/wp\/v2\/posts"}],"about":[{"href":"https:\/\/esreviral.com\/index.php?rest_route=\/wp\/v2\/types\/post"}],"author":[{"embeddable":true,"href":"https:\/\/esreviral.com\/index.php?rest_route=\/wp\/v2\/users\/3"}],"replies":[{"embeddable":true,"href":"https:\/\/esreviral.com\/index.php?rest_route=%2Fwp%2Fv2%2Fcomments&post=81577"}],"version-history":[{"count":1,"href":"https:\/\/esreviral.com\/index.php?rest_route=\/wp\/v2\/posts\/81577\/revisions"}],"predecessor-version":[{"id":81580,"href":"https:\/\/esreviral.com\/index.php?rest_route=\/wp\/v2\/posts\/81577\/revisions\/81580"}],"wp:featuredmedia":[{"embeddable":true,"href":"https:\/\/esreviral.com\/index.php?rest_route=\/wp\/v2\/media\/81579"}],"wp:attachment":[{"href":"https:\/\/esreviral.com\/index.php?rest_route=%2Fwp%2Fv2%2Fmedia&parent=81577"}],"wp:term":[{"taxonomy":"category","embeddable":true,"href":"https:\/\/esreviral.com\/index.php?rest_route=%2Fwp%2Fv2%2Fcategories&post=81577"},{"taxonomy":"post_tag","embeddable":true,"href":"https:\/\/esreviral.com\/index.php?rest_route=%2Fwp%2Fv2%2Ftags&post=81577"}],"curies":[{"name":"wp","href":"https:\/\/api.w.org\/{rel}","templated":true}]}}