{"id":81564,"date":"2025-09-30T06:43:42","date_gmt":"2025-09-30T11:43:42","guid":{"rendered":"https:\/\/esreviral.com\/?p=81564"},"modified":"2025-09-30T12:37:57","modified_gmt":"2025-09-30T17:37:57","slug":"nuevo-aumento-en-las-tarifas-de-los-colectivos-de-caba-y-pba-esto-costara-viajar-en-octubre","status":"publish","type":"post","link":"https:\/\/esreviral.com\/?p=81564","title":{"rendered":"Nuevo aumento en las tarifas de los colectivos de CABA y PBA: esto costar\u00e1 viajar en octubre"},"content":{"rendered":"\n<p>Las tarifas del transporte p\u00fablico volver\u00e1n a subir en la Ciudad de Buenos Aires y el conurbano bonaerense. Desde el <strong>1\u00b0 de octubre<\/strong>, el valor de los boletos de colectivos se incrementar\u00e1 <strong>3,9%<\/strong>, siguiendo el mecanismo de actualizaci\u00f3n que contempla la inflaci\u00f3n m\u00e1s dos puntos porcentuales adicionales.<\/p>\n\n\n\n<p>En septiembre ya se hab\u00eda aplicado un aumento del mismo porcentaje. Con este nuevo ajuste, las tarifas de 2024 acumulan un alza del <strong>48,19% en PBA<\/strong> y del <strong>47,31% en CABA<\/strong>.<\/p>\n\n\n\n<p class=\"has-text-align-center\"><strong><a href=\"https:\/\/chat.whatsapp.com\/KWkTmakY3I05kNdd2oZl6d\"><em>\u00daNETE A NUESTRO GRUPO DE WHATSAPP PARA ESTAR INFORMADO<\/em><\/a><\/strong><\/p>\n\n\n\n<p class=\"has-text-align-center\"><strong><em><mark style=\"background-color:rgba(0, 0, 0, 0)\" class=\"has-inline-color has-vivid-red-color\"><a href=\"https:\/\/esreviral.com\/?p=81592\" data-type=\"link\" data-id=\"https:\/\/esreviral.com\/?p=81592\">Lea Tambi\u00e9n: Peajes m\u00e1s caros: las nuevas tarifas en autopista Buenos Aires-La Plata y a la Costa<\/a><\/mark><\/em><\/strong><\/p>\n\n\n\n<h3 class=\"wp-block-heading\"><strong><mark style=\"background-color:rgba(0, 0, 0, 0)\" class=\"has-inline-color has-vivid-red-color\">\ud83d\ude8d Nuevos valores en la Provincia de Buenos Aires<\/mark><\/strong><\/h3>\n\n\n\n<p>El incremento alcanzar\u00e1 a las l\u00edneas numeradas del 200 en adelante:<\/p>\n\n\n\n<ul class=\"wp-block-list\">\n<li><strong>Boleto m\u00ednimo (0 a 3 km):<\/strong> de $529,45 a <strong>$550,30<\/strong><\/li>\n\n\n\n<li><strong>Tramo de 3 a 6 km:<\/strong> $613,03<\/li>\n\n\n\n<li><strong>Tramo de 6 a 12 km:<\/strong> $660,25<\/li>\n\n\n\n<li><strong>Tramo de 12 a 27 km:<\/strong> $707,53<\/li>\n\n\n\n<li><strong>Tarjeta SUBE sin nominalizar:<\/strong> de $874,97 hasta $1199,60<\/li>\n<\/ul>\n\n\n\n<h3 class=\"wp-block-heading\"><strong><mark style=\"background-color:rgba(0, 0, 0, 0)\" class=\"has-inline-color has-vivid-red-color\">\ud83d\ude8c Nuevas tarifas en la Ciudad de Buenos Aires<\/mark><\/strong><\/h3>\n\n\n\n<p>El aumento regir\u00e1 para las <strong>31 l\u00edneas que circulan exclusivamente en CABA<\/strong> (4, 6, 7, 12, 23, 25, 26, 34, 39, 42, 44, 47, 50, 61, 62, 64, 65, 68, 76, 84, 90, 99, 102, 106, 107, 108, 109, 115, 118, 132 y 151).<\/p>\n\n\n\n<ul class=\"wp-block-list\">\n<li><strong>Boleto m\u00ednimo (0 a 3 km):<\/strong> de $526,15 a <strong>$546,54<\/strong><\/li>\n\n\n\n<li><strong>Tramo de 3 a 6 km:<\/strong> $608,85<\/li>\n\n\n\n<li><strong>Tramo de 6 a 12 km:<\/strong> $655,76<\/li>\n\n\n\n<li><strong>Tramo de 12 a 27 km:<\/strong> $702,70<\/li>\n<\/ul>\n\n\n\n<h3 class=\"wp-block-heading\"><strong><mark style=\"background-color:rgba(0, 0, 0, 0)\" class=\"has-inline-color has-vivid-red-color\">\ud83d\ude87 Subte y Premetro: tambi\u00e9n suben<\/mark><\/strong><\/h3>\n\n\n\n<p>Adem\u00e1s del colectivo, el <strong>subte<\/strong> en la Ciudad aumentar\u00e1 de $1071 a <strong>$1112<\/strong> a partir del 1\u00b0 de octubre. En tanto, el <strong>premetro<\/strong> pasar\u00e1 de $374,85 a <strong>$389,46<\/strong>.<\/p>\n\n\n\n<p class=\"has-text-align-center\"><em><strong><em><strong><em><strong><em><strong><a href=\"https:\/\/t.me\/esreviral\">\u00daNETE A NUESTRO CANAL DE TELEGRAM PARA ESTAR INFORMADO<\/a><\/strong><\/em><\/strong><\/em><\/strong><\/em><\/strong><\/em><\/p>\n\n\n\n<p class=\"has-text-align-center\"><strong><em><mark style=\"background-color:rgba(0, 0, 0, 0)\" class=\"has-inline-color has-vivid-red-color\"><a href=\"https:\/\/esreviral.com\/?p=81573\" data-type=\"link\" data-id=\"https:\/\/esreviral.com\/?p=81573\">Lea Tambi\u00e9n: Gobierno argentino defini\u00f3 los precios mayoristas de la energ\u00eda para octubre: el impacto en las tarifas de luz y gas<\/a><\/mark><\/em><\/strong><\/p>\n\n\n\n<p class=\"has-text-align-right\"><strong><em>Con Informaci\u00f3n de TN.-<\/em><\/strong><\/p>\n","protected":false},"excerpt":{"rendered":"<p>En la Ciudad de Buenos Aires tambi\u00e9n aumentar\u00e1 el pasaje del subte y el premetro.<\/p>\n","protected":false},"author":3,"featured_media":81565,"comment_status":"closed","ping_status":"closed","sticky":false,"template":"","format":"standard","meta":{"jnews-multi-image_gallery":[],"jnews_single_post":{"format":"standard"},"jnews_primary_category":[],"jnews_social_meta":[],"jnews_review":[],"enable_review":"","type":"","name":"","summary":"","brand":"","sku":"","good":[],"bad":[],"score_override":"","override_value":"","rating":[],"price":[],"jnews_override_counter":[],"jnews_post_split":[],"footnotes":""},"categories":[58,61],"tags":[2143,45,363,316,2503],"class_list":["post-81564","post","type-post","status-publish","format-standard","has-post-thumbnail","hentry","category-argentina","category-economia","tag-colectivos","tag-noticias","tag-provincia-de-buenos-aires","tag-tarifas","tag-transporte"],"amp_enabled":true,"_links":{"self":[{"href":"https:\/\/esreviral.com\/index.php?rest_route=\/wp\/v2\/posts\/81564"}],"collection":[{"href":"https:\/\/esreviral.com\/index.php?rest_route=\/wp\/v2\/posts"}],"about":[{"href":"https:\/\/esreviral.com\/index.php?rest_route=\/wp\/v2\/types\/post"}],"author":[{"embeddable":true,"href":"https:\/\/esreviral.com\/index.php?rest_route=\/wp\/v2\/users\/3"}],"replies":[{"embeddable":true,"href":"https:\/\/esreviral.com\/index.php?rest_route=%2Fwp%2Fv2%2Fcomments&post=81564"}],"version-history":[{"count":3,"href":"https:\/\/esreviral.com\/index.php?rest_route=\/wp\/v2\/posts\/81564\/revisions"}],"predecessor-version":[{"id":81597,"href":"https:\/\/esreviral.com\/index.php?rest_route=\/wp\/v2\/posts\/81564\/revisions\/81597"}],"wp:featuredmedia":[{"embeddable":true,"href":"https:\/\/esreviral.com\/index.php?rest_route=\/wp\/v2\/media\/81565"}],"wp:attachment":[{"href":"https:\/\/esreviral.com\/index.php?rest_route=%2Fwp%2Fv2%2Fmedia&parent=81564"}],"wp:term":[{"taxonomy":"category","embeddable":true,"href":"https:\/\/esreviral.com\/index.php?rest_route=%2Fwp%2Fv2%2Fcategories&post=81564"},{"taxonomy":"post_tag","embeddable":true,"href":"https:\/\/esreviral.com\/index.php?rest_route=%2Fwp%2Fv2%2Ftags&post=81564"}],"curies":[{"name":"wp","href":"https:\/\/api.w.org\/{rel}","templated":true}]}}