{"id":81559,"date":"2025-09-30T06:20:31","date_gmt":"2025-09-30T11:20:31","guid":{"rendered":"https:\/\/esreviral.com\/?p=81559"},"modified":"2025-09-30T06:20:32","modified_gmt":"2025-09-30T11:20:32","slug":"la-violencia-juvenil-en-sectores-populares-un-desafio-que-requiere-accion-integral","status":"publish","type":"post","link":"https:\/\/esreviral.com\/?p=81559","title":{"rendered":"La Violencia Juvenil en Sectores Populares: Un Desaf\u00edo que Requiere Acci\u00f3n Integral"},"content":{"rendered":"\n<p><strong>La creciente ola de violencia y muertes de j\u00f3venes en sectores populares de Argentina ha generado una gran preocupaci\u00f3n en la sociedad. <\/strong>La influencia de mafias narcotraficantes y la falta de oportunidades para los j\u00f3venes son algunos de los factores que contribuyen a este problema. Es hora de que el Estado y la sociedad civil trabajen juntos para abordar esta situaci\u00f3n y encontrar soluciones efectivas.<\/p>\n\n\n\n<p>Seg\u00fan estad\u00edsticas recientes, la violencia juvenil ha aumentado significativamente en los \u00faltimos a\u00f1os, especialmente en \u00e1reas vulnerables. Los j\u00f3venes se ven atra\u00eddos por la promesa de dinero f\u00e1cil y poder que ofrecen las mafias, pero a menudo terminan siendo v\u00edctimas de la violencia y la delincuencia.<\/p>\n\n\n\n<p class=\"has-text-align-center\"><strong><a href=\"https:\/\/chat.whatsapp.com\/KWkTmakY3I05kNdd2oZl6d\"><em>\u00daNETE A NUESTRO GRUPO DE WHATSAPP PARA ESTAR INFORMADO<\/em><\/a><\/strong><\/p>\n\n\n\n<p>Para abordar este problema, se requieren estrategias integrales que involucren tanto al Estado como a la sociedad civil. Algunas de las recomendaciones clave incluyen:<\/p>\n\n\n\n<ul class=\"wp-block-list\">\n<li>Fortalecer la educaci\u00f3n y la inclusi\u00f3n social para brindar oportunidades a j\u00f3venes vulnerables<\/li>\n\n\n\n<li>Crear oportunidades laborales y programas de capacitaci\u00f3n laboral para j\u00f3venes<\/li>\n\n\n\n<li>Mejorar la seguridad comunitaria a trav\u00e9s de estrategias de prevenci\u00f3n del delito y construcci\u00f3n de confianza entre la polic\u00eda y los ciudadanos<\/li>\n\n\n\n<li>Desarrollar programas de prevenci\u00f3n del consumo de drogas y apoyo para aquellos que buscan tratamiento<\/li>\n\n\n\n<li>Fortalecer la justicia y la seguridad para garantizar que los delitos sean investigados y sancionados adecuadamente<\/li>\n<\/ul>\n\n\n\n<p><\/p>\n\n\n\n<p>Es fundamental que se aborden las causas profundas de la violencia y el narcotr\u00e1fico en los sectores populares, incluyendo aspectos econ\u00f3micos, sociales y de seguridad. La sociedad civil debe trabajar junto al Estado para encontrar soluciones efectivas y sostenibles.<\/p>\n\n\n\n<p><strong><mark style=\"background-color:rgba(0, 0, 0, 0)\" class=\"has-inline-color has-vivid-red-color\">El caso del triple crimen de las j\u00f3venes<\/mark><\/strong><br>en Florencio Varela este lunes 29 de septiembre es un ejemplo tr\u00e1gico de la violencia que afecta a los j\u00f3venes en Argentina. Es hora de que se tomen medidas concretas para prevenir m\u00e1s muertes y garantizar la seguridad y el bienestar de los j\u00f3venes en todo el pa\u00eds.<\/p>\n\n\n\n<p><strong><mark style=\"background-color:rgba(0, 0, 0, 0)\" class=\"has-inline-color has-vivid-red-color\">\u00bfQu\u00e9 puedes hacer t\u00fa para ayudar?<\/mark><\/strong><\/p>\n\n\n\n<ul class=\"wp-block-list\">\n<li>Comparte este art\u00edculo y haz que se escuche la voz de los j\u00f3venes afectados por la violencia<\/li>\n\n\n\n<li>Apoya a organizaciones que trabajan para prevenir la violencia y promover la inclusi\u00f3n social<\/li>\n\n\n\n<li>Exige a tus representantes que tomen medidas concretas para abordar la violencia juvenil y el narcotr\u00e1fico<\/li>\n<\/ul>\n\n\n\n<p><\/p>\n\n\n\n<p>Juntos, podemos hacer una diferencia y crear un futuro m\u00e1s seguro y pr\u00f3spero para los j\u00f3venes de Argentina.<\/p>\n\n\n\n<p><strong>\u00a1Recuerda que la Inseguridad no anda sola!<\/strong><\/p>\n\n\n\n<p class=\"has-text-align-center\"><em><strong><em><strong><em><strong><em><strong><a href=\"https:\/\/t.me\/esreviral\">\u00daNETE A NUESTRO CANAL DE TELEGRAM PARA ESTAR INFORMADO<\/a><\/strong><\/em><\/strong><\/em><\/strong><\/em><\/strong><\/em><\/p>\n\n\n\n<p class=\"has-text-align-right\"><strong><em>Braulio Seijas.-<\/em><\/strong><\/p>\n","protected":false},"excerpt":{"rendered":"<p>La violencia juvenil en sectores populares de Argentina sigue en aumento, impulsada por la falta de oportunidades y el avance de las mafias del narcotr\u00e1fico. El reciente triple crimen en Florencio Varela expone la gravedad de esta crisis. Expertos coinciden en que se requieren medidas integrales: m\u00e1s educaci\u00f3n e inclusi\u00f3n, empleo y capacitaci\u00f3n para j\u00f3venes, prevenci\u00f3n del consumo de drogas y una justicia eficaz. Estado y sociedad civil deben actuar juntos para frenar esta ola de violencia y garantizar un futuro seguro para las nuevas generaciones.<\/p>\n","protected":false},"author":3,"featured_media":76163,"comment_status":"closed","ping_status":"closed","sticky":false,"template":"","format":"standard","meta":{"jnews-multi-image_gallery":[],"jnews_single_post":{"format":"standard"},"jnews_primary_category":[],"jnews_social_meta":[],"jnews_review":[],"enable_review":"","type":"","name":"","summary":"","brand":"","sku":"","good":[],"bad":[],"score_override":"","override_value":"","rating":[],"price":[],"jnews_override_counter":[],"jnews_post_split":[],"footnotes":""},"categories":[137],"tags":[44,940,45,1874,67],"class_list":["post-81559","post","type-post","status-publish","format-standard","has-post-thumbnail","hentry","category-opinion","tag-argentina","tag-inseguridad","tag-noticias","tag-sociedad","tag-venezolanos-en-argentina"],"amp_enabled":true,"_links":{"self":[{"href":"https:\/\/esreviral.com\/index.php?rest_route=\/wp\/v2\/posts\/81559"}],"collection":[{"href":"https:\/\/esreviral.com\/index.php?rest_route=\/wp\/v2\/posts"}],"about":[{"href":"https:\/\/esreviral.com\/index.php?rest_route=\/wp\/v2\/types\/post"}],"author":[{"embeddable":true,"href":"https:\/\/esreviral.com\/index.php?rest_route=\/wp\/v2\/users\/3"}],"replies":[{"embeddable":true,"href":"https:\/\/esreviral.com\/index.php?rest_route=%2Fwp%2Fv2%2Fcomments&post=81559"}],"version-history":[{"count":1,"href":"https:\/\/esreviral.com\/index.php?rest_route=\/wp\/v2\/posts\/81559\/revisions"}],"predecessor-version":[{"id":81560,"href":"https:\/\/esreviral.com\/index.php?rest_route=\/wp\/v2\/posts\/81559\/revisions\/81560"}],"wp:featuredmedia":[{"embeddable":true,"href":"https:\/\/esreviral.com\/index.php?rest_route=\/wp\/v2\/media\/76163"}],"wp:attachment":[{"href":"https:\/\/esreviral.com\/index.php?rest_route=%2Fwp%2Fv2%2Fmedia&parent=81559"}],"wp:term":[{"taxonomy":"category","embeddable":true,"href":"https:\/\/esreviral.com\/index.php?rest_route=%2Fwp%2Fv2%2Fcategories&post=81559"},{"taxonomy":"post_tag","embeddable":true,"href":"https:\/\/esreviral.com\/index.php?rest_route=%2Fwp%2Fv2%2Ftags&post=81559"}],"curies":[{"name":"wp","href":"https:\/\/api.w.org\/{rel}","templated":true}]}}