{"id":81464,"date":"2025-09-27T07:34:21","date_gmt":"2025-09-27T12:34:21","guid":{"rendered":"https:\/\/esreviral.com\/?p=81464"},"modified":"2025-09-27T08:49:07","modified_gmt":"2025-09-27T13:49:07","slug":"pequeno-j-revelaron-la-identidad-del-narco-peruano-acusado-de-ordenar-el-triple-crimen-de-tres-jovenes-argentinas","status":"publish","type":"post","link":"https:\/\/esreviral.com\/?p=81464","title":{"rendered":"\u201cPeque\u00f1o J\u201d: revelaron la identidad del narco peruano acusado de ordenar el triple crimen de tres j\u00f3venes argentinas"},"content":{"rendered":"\n<p>El l\u00edder narco conocido como \u201c<strong><em>Peque\u00f1o J<\/em><\/strong>\u201d, se\u00f1alado como<strong><a href=\"https:\/\/esreviral.com\/?p=81270\" data-type=\"link\" data-id=\"https:\/\/esreviral.com\/?p=81270\"> presunto autor intelectual del brutal triple femicidio en Florencio Varela,<\/a> <\/strong>fue identificado como <strong>Tony Janzen Valverde Victoriano<\/strong>, un joven peruano de apenas 20 a\u00f1os, oriundo del departamento de La Libertad, ubicado a 600 kil\u00f3metros al norte de Lima.<\/p>\n\n\n\n<p><strong>Fuentes de la investigaci\u00f3n confirmaron que el sospechoso intenta salir del pa\u00eds, motivo por el cual se difundieron p\u00fablicamente su identidad y su rostro.<\/strong><\/p>\n\n\n\n<p>El pasado mi\u00e9rcoles por la noche, efectivos de la Polic\u00eda Bonaerense realizaron un operativo en el barrio Zavaleta, en la Ciudad de Buenos Aires, en busca de Valverde. Sin embargo, cuando ingresaron al lugar ya no se encontraba all\u00ed. Este viernes se difundi\u00f3 el video de ese procedimiento fallido, donde se observa el momento en que los agentes entran a la zona apuntando a un bar y a un edificio cercano, se\u00f1alados como posibles refugios del capo narco.<\/p>\n\n\n\n<p class=\"has-text-align-center\"><strong><a href=\"https:\/\/chat.whatsapp.com\/KWkTmakY3I05kNdd2oZl6d\"><em>\u00daNETE A NUESTRO GRUPO DE WHATSAPP PARA ESTAR INFORMADO<\/em><\/a><\/strong><\/p>\n\n\n\n<p class=\"has-text-align-center\"><strong><em><mark style=\"background-color:rgba(0, 0, 0, 0)\" class=\"has-inline-color has-vivid-red-color\"><a href=\"https:\/\/esreviral.com\/?p=81450\" data-type=\"link\" data-id=\"https:\/\/esreviral.com\/?p=81450\">Lea Tambi\u00e9n: \u201cVayan preparando el pr\u00f3ximo velorio\u201d: La escalofriante amenaza a familia de adolescente mutilada en Argentina<\/a><\/mark><\/em><\/strong><\/p>\n\n\n<div class=\"wp-block-image\">\n<figure class=\"aligncenter size-large\"><img decoding=\"async\" src=\"https:\/\/www.clarin.com\/img\/2025\/09\/26\/6LPZnS6t9_720x0__1.jpg\" alt=\"\"\/><figcaption class=\"wp-element-caption\">La notificaci\u00f3n roja de Interpol para Mat\u00edas Agust\u00edn Ozorio<\/figcaption><\/figure><\/div>\n\n\n<p><\/p>\n\n\n\n<h3 class=\"wp-block-heading\"><strong><mark style=\"background-color:rgba(0, 0, 0, 0)\" class=\"has-inline-color has-vivid-red-color\">El mensaje detr\u00e1s del crimen<\/mark><\/strong><\/h3>\n\n\n\n<p>El ministro de Seguridad bonaerense, Javier Alonso, asegur\u00f3 que se cree que \u201cPeque\u00f1o J\u201d orden\u00f3 el triple crimen como una forma de <strong>dar un mensaje interno<\/strong> dentro de la estructura narcocriminal que lidera.<\/p>\n\n\n\n<p>Su mano derecha, <strong>Mat\u00edas Agust\u00edn Ozorio (28)<\/strong>, tambi\u00e9n tiene pedido de captura nacional e internacional. La <strong>circular roja de Interpol<\/strong> solicitada por el fiscal Gast\u00f3n Dupla\u00e1 lo acusa de coautor\u00eda en el asesinato de <strong>Brenda del Castillo (20), Morena Verdi (20) y Lara Guti\u00e9rrez (15)<\/strong>.<\/p>\n\n\n\n<p>La notificaci\u00f3n de Interpol detalla que los asesinos <strong>\u201caumentaron intencionalmente e inhumanamente el sufrimiento de las v\u00edctimas, causando padecimientos innecesarios\u201d<\/strong>, y que se valieron de la violencia de g\u00e9nero como m\u00e9todo de sometimiento.<\/p>\n\n\n<div class=\"wp-block-image\">\n<figure class=\"aligncenter size-large\"><img decoding=\"async\" src=\"https:\/\/www.lanacion.com.ar\/resizer\/v2\/el-documento-de-pequeno-j-el-presunto-capo-narco-U67TZAVD5REDNMBZ6Y66SZRINQ.jpeg?auth=fc9caadba332fcfaa6c815163e6eea21e436588d67d744fac23ff152bc690d7c&amp;width=880&amp;height=586&amp;quality=70&amp;smart=true\" alt=\"\"\/><figcaption class=\"wp-element-caption\">El documento de Peque\u00f1o J, el presunto capo narco detr\u00e1s del triple crimen<\/figcaption><\/figure><\/div>\n\n\n<h3 class=\"wp-block-heading\"><strong><mark style=\"background-color:rgba(0, 0, 0, 0)\" class=\"has-inline-color has-vivid-red-color\">Una red criminal con ramificaciones<\/mark><\/strong><\/h3>\n\n\n\n<p>La investigaci\u00f3n, actualmente a cargo del fiscal de Homicidios de La Matanza, <strong>Adri\u00e1n Arribas<\/strong>, determin\u00f3 que Ozorio estuvo presente en la vivienda de Florencio Varela donde fueron asesinadas las j\u00f3venes.<\/p>\n\n\n\n<p>All\u00ed, junto con otros cuatro detenidos \u2014<strong>Magal\u00ed Celeste Gonz\u00e1lez Guerrero (28), Miguel \u00c1ngel Villanueva Silva (25), Daniela Iara Ibarra (19) y Maximiliano Andr\u00e9s Parra (18)<\/strong>\u2014 participaron de las brutales torturas y homicidios, aplicando golpes, patadas y cortes con armas blancas.<\/p>\n\n\n\n<p class=\"has-text-align-center\"><strong><em><mark style=\"background-color:rgba(0, 0, 0, 0)\" class=\"has-inline-color has-vivid-red-color\">Lea Tambi\u00e9n:&nbsp;<a href=\"https:\/\/esreviral.com\/?p=81367\">Bullrich neg\u00f3 que el triple crimen sea femicidio y lo calific\u00f3 de \u201cmetodolog\u00eda mafiosa\u201d<\/a><\/mark><\/em><\/strong><\/p>\n\n\n\n<h3 class=\"wp-block-heading\"><strong><mark style=\"background-color:rgba(0, 0, 0, 0)\" class=\"has-inline-color has-vivid-red-color\">Un nuevo detenido en Bolivia<\/mark><\/strong><\/h3>\n\n\n\n<p>Este viernes por la noche, se sum\u00f3 un nuevo arresto en el marco de la causa. Se trata de <strong>L\u00e1zaro V\u00edctor Sotacuro<\/strong>, un ciudadano boliviano con DNI argentino, acusado de ser uno de los choferes que trasladaron a las v\u00edctimas desde La Matanza hasta Florencio Varela.<\/p>\n\n\n\n<p>Sotacuro fue detenido en la ciudad boliviana de Villaz\u00f3n, tras cruzar desde La Quiaca, Jujuy. La polic\u00eda lo localiz\u00f3 en un hospedaje, desde donde fue trasladado para ser entregado a la Justicia argentina.<\/p>\n\n\n\n<p>Las autoridades esperan que este s\u00e1bado arribe a Buenos Aires, donde quedar\u00e1 a disposici\u00f3n de la Justicia bonaerense que lleva adelante la investigaci\u00f3n.<\/p>\n\n\n\n<p class=\"has-text-align-center\"><em><strong><em><strong><em><strong><em><strong><a href=\"https:\/\/t.me\/esreviral\">\u00daNETE A NUESTRO CANAL DE TELEGRAM PARA ESTAR INFORMADO<\/a><\/strong><\/em><\/strong><\/em><\/strong><\/em><\/strong><\/em><\/p>\n\n\n\n<p class=\"has-text-align-center\"><strong><em><a href=\"https:\/\/esreviral.com\/?p=81427\">Lea Tambi\u00e9n: \u00bfQui\u00e9n es el \u201cPeque\u00f1o Jota\u201d? El autor intelectual del triple crimen de tres j\u00f3venes argentinas<\/a><\/em><\/strong><\/p>\n\n\n<div class=\"wp-block-image\">\n<figure class=\"aligncenter size-large\"><img decoding=\"async\" src=\"https:\/\/www.clarin.com\/img\/2025\/09\/26\/4FS-7EkAu_1256x620__1.jpg\" alt=\"\"\/><figcaption class=\"wp-element-caption\">L\u00e1zaro V\u00edctor Sotacuro, el quinto detenido.&nbsp;<\/figcaption><\/figure><\/div>\n\n\n<p><\/p>\n\n\n\n<p class=\"has-text-align-right\"><strong><em>Con Informaci\u00f3n de Clarin.-<\/em><\/strong><\/p>\n","protected":false},"excerpt":{"rendered":"<p>Se trata de Tony Janzen Valverde Victoriano, de 20 a\u00f1os.<br \/>\nAseguran que busca escapar del pa\u00eds, por lo que difundieron su identidad y su rostro.<\/p>\n","protected":false},"author":3,"featured_media":81466,"comment_status":"closed","ping_status":"closed","sticky":false,"template":"","format":"standard","meta":{"jnews-multi-image_gallery":[],"jnews_single_post":{"format":"standard"},"jnews_primary_category":[],"jnews_social_meta":[],"jnews_review":[],"enable_review":"","type":"","name":"","summary":"","brand":"","sku":"","good":[],"bad":[],"score_override":"","override_value":"","rating":[],"price":[],"jnews_override_counter":[],"jnews_post_split":[],"footnotes":""},"categories":[58,64],"tags":[44,2517,5466,45,36041],"class_list":["post-81464","post","type-post","status-publish","format-standard","has-post-thumbnail","hentry","category-argentina","category-sucesos","tag-argentina","tag-crimen-2","tag-florencio-varela","tag-noticias","tag-pequeno-j"],"amp_enabled":true,"_links":{"self":[{"href":"https:\/\/esreviral.com\/index.php?rest_route=\/wp\/v2\/posts\/81464"}],"collection":[{"href":"https:\/\/esreviral.com\/index.php?rest_route=\/wp\/v2\/posts"}],"about":[{"href":"https:\/\/esreviral.com\/index.php?rest_route=\/wp\/v2\/types\/post"}],"author":[{"embeddable":true,"href":"https:\/\/esreviral.com\/index.php?rest_route=\/wp\/v2\/users\/3"}],"replies":[{"embeddable":true,"href":"https:\/\/esreviral.com\/index.php?rest_route=%2Fwp%2Fv2%2Fcomments&post=81464"}],"version-history":[{"count":2,"href":"https:\/\/esreviral.com\/index.php?rest_route=\/wp\/v2\/posts\/81464\/revisions"}],"predecessor-version":[{"id":81474,"href":"https:\/\/esreviral.com\/index.php?rest_route=\/wp\/v2\/posts\/81464\/revisions\/81474"}],"wp:featuredmedia":[{"embeddable":true,"href":"https:\/\/esreviral.com\/index.php?rest_route=\/wp\/v2\/media\/81466"}],"wp:attachment":[{"href":"https:\/\/esreviral.com\/index.php?rest_route=%2Fwp%2Fv2%2Fmedia&parent=81464"}],"wp:term":[{"taxonomy":"category","embeddable":true,"href":"https:\/\/esreviral.com\/index.php?rest_route=%2Fwp%2Fv2%2Fcategories&post=81464"},{"taxonomy":"post_tag","embeddable":true,"href":"https:\/\/esreviral.com\/index.php?rest_route=%2Fwp%2Fv2%2Ftags&post=81464"}],"curies":[{"name":"wp","href":"https:\/\/api.w.org\/{rel}","templated":true}]}}