{"id":81455,"date":"2025-09-26T16:28:17","date_gmt":"2025-09-26T21:28:17","guid":{"rendered":"https:\/\/esreviral.com\/?p=81455"},"modified":"2025-09-26T16:36:52","modified_gmt":"2025-09-26T21:36:52","slug":"familia-venezolana-en-cordoba-sufrio-un-incendio-en-su-vivienda","status":"publish","type":"post","link":"https:\/\/esreviral.com\/?p=81455","title":{"rendered":"Familia venezolana en C\u00f3rdoba sufri\u00f3 un incendio en su vivienda"},"content":{"rendered":"\n<p>Una familia venezolana que reside en C\u00f3rdoba <strong>fue v\u00edctima de un incendio en su vivienda <\/strong>ubicada en el barrio Alberdi de esa localidad. <\/p>\n\n\n\n<p>H\u00e9ctor Rodr\u00edguez, coment\u00f3 que \u00e9l junto a su esposa e hijo se encontraban en el teatro al momento del hecho, recibieron una llamada de los vecinos quienes le indicaron lo ocurrido y al llegar, se encontraron con el desastre. <strong>Afortunadamente, los bomberos actuaron r\u00e1pido y evitaron que el fuego se expandiera. <\/strong><\/p>\n\n\n\n<p><strong>\u00abParte de nuestras cosas se da\u00f1aron por la temperatura que aument\u00f3, el ni\u00f1o qued\u00f3 sin calzado, el televisor tambi\u00e9n se da\u00f1\u00f3, las quemas est\u00e1n con mucho olor de humo\u00bb. <\/strong><\/p>\n\n\n\n<p><strong><a href=\"https:\/\/chat.whatsapp.com\/KWkTmakY3I05kNdd2oZl6d\"><em>\u00daNETE A NUESTRO GRUPO DE WHATSAPP PARA ESTAR INFORMADO<\/em><\/a><\/strong><\/p>\n\n\n\n<figure class=\"wp-block-image size-large\"><img fetchpriority=\"high\" decoding=\"async\" width=\"768\" height=\"1024\" src=\"https:\/\/esreviral.com\/wp-content\/uploads\/2025\/09\/venezolanos-en-cordoba-768x1024.webp\" alt=\"\" class=\"wp-image-81457\" srcset=\"https:\/\/esreviral.com\/wp-content\/uploads\/2025\/09\/venezolanos-en-cordoba-768x1024.webp 768w, https:\/\/esreviral.com\/wp-content\/uploads\/2025\/09\/venezolanos-en-cordoba-225x300.webp 225w, https:\/\/esreviral.com\/wp-content\/uploads\/2025\/09\/venezolanos-en-cordoba-1152x1536.webp 1152w, https:\/\/esreviral.com\/wp-content\/uploads\/2025\/09\/venezolanos-en-cordoba.webp 1200w\" sizes=\"(max-width: 768px) 100vw, 768px\" \/><figcaption class=\"wp-element-caption\">El d\u00eda del incendio se encontraban en el teatro<\/figcaption><\/figure>\n\n\n\n<p>Rodr\u00edguez se encuentra en el pa\u00eds desde el a\u00f1o 2016 y con el tiempo se trajo a su familia, \u00e9l trabaja en la Orquesta Sinf\u00f3nica de C\u00f3rdoba y toca viola, al igual que su hijo. <strong>\u00abEse d\u00eda no hab\u00edamos guardado los instrumentos en el placard donde inici\u00f3 el incendio, sino hubiese sido peor la situaci\u00f3n\u00bb. <\/strong><\/p>\n\n\n\n<p>Desde la <strong>Asociacion de Venezolanos en C\u00f3rdoba les han prestado colaboraci\u00f3n, <\/strong>incluso le llevar\u00e1n unas s\u00e1banas y cobijas, sin embargo, requieren m\u00e1s ayuda.<\/p>\n\n\n\n<p>Lea tambi\u00e9n:<strong><a href=\"https:\/\/esreviral.com\/?p=68403\"> Familia lo perdi\u00f3 todo tras incendio de su vivienda en provincia de Buenos Aires <\/a><\/strong><\/p>\n\n\n\n<p>Ellos son oriundos de Cuman\u00e1, estado Sucre y aunque pudieron salvar algunas cosas requieren ayuda econ\u00f3mica para reponer las que se da\u00f1aron y adem\u00e1s solventar por estos d\u00edas, <strong>\u00abincluso estamos durmiendo en un monoambiente que nos prestaron porque el olor a quemado es muy fuerte\u00bb. <\/strong><\/p>\n\n\n\n<p><strong>Quienes puedan colaborar, hacerlo a la cuenta de<\/strong> Mary Emilia Diaz Astudillo<br>Banco Galicia<br>CTA: 4057344-2 199-3<br>CBU: 0070199630004057344233<br>ALIAS: RIJO.MIENTEN.REBAJO<\/p>\n","protected":false},"excerpt":{"rendered":"<p>Una familia venezolana que reside en C\u00f3rdoba fue v\u00edctima de un incendio en su vivienda ubicada en el barrio Alberdi de esa localidad. H\u00e9ctor Rodr\u00edguez, coment\u00f3 que \u00e9l junto a su esposa e hijo se encontraban en el teatro al momento del hecho, recibieron una llamada de los vecinos quienes le indicaron lo ocurrido y [&hellip;]<\/p>\n","protected":false},"author":2,"featured_media":81458,"comment_status":"closed","ping_status":"closed","sticky":false,"template":"","format":"standard","meta":{"jnews-multi-image_gallery":[],"jnews_single_post":{"format":"standard"},"jnews_primary_category":[],"jnews_social_meta":[],"jnews_review":[],"enable_review":"","type":"","name":"","summary":"","brand":"","sku":"","good":[],"bad":[],"score_override":"","override_value":"","rating":[],"price":[],"jnews_override_counter":[],"jnews_post_split":[],"footnotes":""},"categories":[5892],"tags":[45,67,36060],"class_list":["post-81455","post","type-post","status-publish","format-standard","has-post-thumbnail","hentry","category-venezolanos-en-argentina","tag-noticias","tag-venezolanos-en-argentina","tag-venezolanos-en-cordona"],"amp_enabled":true,"_links":{"self":[{"href":"https:\/\/esreviral.com\/index.php?rest_route=\/wp\/v2\/posts\/81455"}],"collection":[{"href":"https:\/\/esreviral.com\/index.php?rest_route=\/wp\/v2\/posts"}],"about":[{"href":"https:\/\/esreviral.com\/index.php?rest_route=\/wp\/v2\/types\/post"}],"author":[{"embeddable":true,"href":"https:\/\/esreviral.com\/index.php?rest_route=\/wp\/v2\/users\/2"}],"replies":[{"embeddable":true,"href":"https:\/\/esreviral.com\/index.php?rest_route=%2Fwp%2Fv2%2Fcomments&post=81455"}],"version-history":[{"count":3,"href":"https:\/\/esreviral.com\/index.php?rest_route=\/wp\/v2\/posts\/81455\/revisions"}],"predecessor-version":[{"id":81463,"href":"https:\/\/esreviral.com\/index.php?rest_route=\/wp\/v2\/posts\/81455\/revisions\/81463"}],"wp:featuredmedia":[{"embeddable":true,"href":"https:\/\/esreviral.com\/index.php?rest_route=\/wp\/v2\/media\/81458"}],"wp:attachment":[{"href":"https:\/\/esreviral.com\/index.php?rest_route=%2Fwp%2Fv2%2Fmedia&parent=81455"}],"wp:term":[{"taxonomy":"category","embeddable":true,"href":"https:\/\/esreviral.com\/index.php?rest_route=%2Fwp%2Fv2%2Fcategories&post=81455"},{"taxonomy":"post_tag","embeddable":true,"href":"https:\/\/esreviral.com\/index.php?rest_route=%2Fwp%2Fv2%2Ftags&post=81455"}],"curies":[{"name":"wp","href":"https:\/\/api.w.org\/{rel}","templated":true}]}}